{"id":1986,"date":"2024-05-20T11:05:53","date_gmt":"2024-05-20T14:05:53","guid":{"rendered":"https:\/\/tveventos.tv.br\/?p=1986"},"modified":"2024-05-20T11:06:28","modified_gmt":"2024-05-20T14:06:28","slug":"conbran","status":"publish","type":"post","link":"https:\/\/tveventos.tv.br\/?p=1986","title":{"rendered":"CONBRAN"},"content":{"rendered":"\n<p>Realizado a cada dois anos, o CONBRAN \u00e9, sem d\u00favida, na atualidade, o principal palco para potencializar marcas, integrar culturas e apresentar o que h\u00e1 de mais inovador na \u00e1rea de alimenta\u00e7\u00e3o e nutri\u00e7\u00e3o. A expectativa \u00e9 reunir mais de 4 mil participantes e palestrantes nacionais e internacionais, al\u00e9m de especialistas com publica\u00e7\u00f5es cient\u00edficas relevantes.<\/p>\n\n\n\n<p>Junte-se a n\u00f3s, nos dias 21 \u00e0 24 de maio das 09h \u00e0s 20h no Pro Magno.&nbsp;<\/p>\n\n\n\n<p>Endere\u00e7o: Avenida Professora Ida Kolb &#8211; 513 &#8211; Jardim das Laranjeiras &#8211; S\u00e3o Paulo.<\/p>\n","protected":false},"excerpt":{"rendered":"<p>Realizado a cada dois anos, o CONBRAN \u00e9, sem d\u00favida, na atualidade, o principal palco para potencializar marcas, integrar culturas e apresentar o que h\u00e1 de mais inovador na \u00e1rea de alimenta\u00e7\u00e3o e nutri\u00e7\u00e3o. A expectativa \u00e9 reunir mais de 4 mil participantes e palestrantes nacionais e internacionais, al\u00e9m de especialistas com publica\u00e7\u00f5es cient\u00edficas relevantes. [&hellip;]<\/p>\n","protected":false},"author":2,"featured_media":1987,"comment_status":"open","ping_status":"open","sticky":false,"template":"","format":"standard","meta":{"footnotes":""},"categories":[25],"tags":[],"class_list":{"0":"post-1986","1":"post","2":"type-post","3":"status-publish","4":"format-standard","5":"has-post-thumbnail","7":"category-calendariodeeventos"},"_links":{"self":[{"href":"https:\/\/tveventos.tv.br\/index.php?rest_route=\/wp\/v2\/posts\/1986","targetHints":{"allow":["GET"]}}],"collection":[{"href":"https:\/\/tveventos.tv.br\/index.php?rest_route=\/wp\/v2\/posts"}],"about":[{"href":"https:\/\/tveventos.tv.br\/index.php?rest_route=\/wp\/v2\/types\/post"}],"author":[{"embeddable":true,"href":"https:\/\/tveventos.tv.br\/index.php?rest_route=\/wp\/v2\/users\/2"}],"replies":[{"embeddable":true,"href":"https:\/\/tveventos.tv.br\/index.php?rest_route=%2Fwp%2Fv2%2Fcomments&post=1986"}],"version-history":[{"count":1,"href":"https:\/\/tveventos.tv.br\/index.php?rest_route=\/wp\/v2\/posts\/1986\/revisions"}],"predecessor-version":[{"id":1988,"href":"https:\/\/tveventos.tv.br\/index.php?rest_route=\/wp\/v2\/posts\/1986\/revisions\/1988"}],"wp:featuredmedia":[{"embeddable":true,"href":"https:\/\/tveventos.tv.br\/index.php?rest_route=\/wp\/v2\/media\/1987"}],"wp:attachment":[{"href":"https:\/\/tveventos.tv.br\/index.php?rest_route=%2Fwp%2Fv2%2Fmedia&parent=1986"}],"wp:term":[{"taxonomy":"category","embeddable":true,"href":"https:\/\/tveventos.tv.br\/index.php?rest_route=%2Fwp%2Fv2%2Fcategories&post=1986"},{"taxonomy":"post_tag","embeddable":true,"href":"https:\/\/tveventos.tv.br\/index.php?rest_route=%2Fwp%2Fv2%2Ftags&post=1986"}],"curies":[{"name":"wp","href":"https:\/\/api.w.org\/{rel}","templated":true}]}}