{"id":1990,"date":"2024-05-20T11:10:30","date_gmt":"2024-05-20T14:10:30","guid":{"rendered":"https:\/\/tveventos.tv.br\/?p=1990"},"modified":"2024-05-20T11:10:34","modified_gmt":"2024-05-20T14:10:34","slug":"bfshow","status":"publish","type":"post","link":"https:\/\/tveventos.tv.br\/?p=1990","title":{"rendered":"BFSHOW"},"content":{"rendered":"\n<p>A Brazilian Footwear Show \u00e9 a grande vitrine do cal\u00e7ado brasileiro, do Brasil para o Brasil inteiro, do Brasil para o mundo. Com duas edi\u00e7\u00f5es anuais, a feira apresenta as cole\u00e7\u00f5es Outono\/Inverno e Primavera\/Ver\u00e3o de marcas femininas, masculinas, infantis e esportivas. \u00c9 o ponto de encontro do cal\u00e7ado \u201cmade in Brazil\u201d com lojistas nacionais e compradores internacionais.&nbsp;<\/p>\n\n\n\n<p>Junte-se a n\u00f3s nos dias 21 \u00e0 23 de maio das 09h \u00e0s 19h no Transam\u00e9rica Expo Center.<\/p>\n\n\n\n<p>Endere\u00e7o:&nbsp; Av. Dr. M\u00e1rio Vilas Boas Rodrigues, 387, Santo Amaro.<\/p>\n","protected":false},"excerpt":{"rendered":"<p>A Brazilian Footwear Show \u00e9 a grande vitrine do cal\u00e7ado brasileiro, do Brasil para o Brasil inteiro, do Brasil para o mundo. Com duas edi\u00e7\u00f5es anuais, a feira apresenta as cole\u00e7\u00f5es Outono\/Inverno e Primavera\/Ver\u00e3o de marcas femininas, masculinas, infantis e esportivas. \u00c9 o ponto de encontro do cal\u00e7ado \u201cmade in Brazil\u201d com lojistas nacionais e [&hellip;]<\/p>\n","protected":false},"author":2,"featured_media":1991,"comment_status":"open","ping_status":"open","sticky":false,"template":"","format":"standard","meta":{"footnotes":""},"categories":[25],"tags":[],"class_list":{"0":"post-1990","1":"post","2":"type-post","3":"status-publish","4":"format-standard","5":"has-post-thumbnail","7":"category-calendariodeeventos"},"_links":{"self":[{"href":"https:\/\/tveventos.tv.br\/index.php?rest_route=\/wp\/v2\/posts\/1990","targetHints":{"allow":["GET"]}}],"collection":[{"href":"https:\/\/tveventos.tv.br\/index.php?rest_route=\/wp\/v2\/posts"}],"about":[{"href":"https:\/\/tveventos.tv.br\/index.php?rest_route=\/wp\/v2\/types\/post"}],"author":[{"embeddable":true,"href":"https:\/\/tveventos.tv.br\/index.php?rest_route=\/wp\/v2\/users\/2"}],"replies":[{"embeddable":true,"href":"https:\/\/tveventos.tv.br\/index.php?rest_route=%2Fwp%2Fv2%2Fcomments&post=1990"}],"version-history":[{"count":1,"href":"https:\/\/tveventos.tv.br\/index.php?rest_route=\/wp\/v2\/posts\/1990\/revisions"}],"predecessor-version":[{"id":1992,"href":"https:\/\/tveventos.tv.br\/index.php?rest_route=\/wp\/v2\/posts\/1990\/revisions\/1992"}],"wp:featuredmedia":[{"embeddable":true,"href":"https:\/\/tveventos.tv.br\/index.php?rest_route=\/wp\/v2\/media\/1991"}],"wp:attachment":[{"href":"https:\/\/tveventos.tv.br\/index.php?rest_route=%2Fwp%2Fv2%2Fmedia&parent=1990"}],"wp:term":[{"taxonomy":"category","embeddable":true,"href":"https:\/\/tveventos.tv.br\/index.php?rest_route=%2Fwp%2Fv2%2Fcategories&post=1990"},{"taxonomy":"post_tag","embeddable":true,"href":"https:\/\/tveventos.tv.br\/index.php?rest_route=%2Fwp%2Fv2%2Ftags&post=1990"}],"curies":[{"name":"wp","href":"https:\/\/api.w.org\/{rel}","templated":true}]}}