{"id":1994,"date":"2024-05-20T11:21:45","date_gmt":"2024-05-20T14:21:45","guid":{"rendered":"https:\/\/tveventos.tv.br\/?p=1994"},"modified":"2024-05-20T11:21:49","modified_gmt":"2024-05-20T14:21:49","slug":"hospitalar","status":"publish","type":"post","link":"https:\/\/tveventos.tv.br\/?p=1994","title":{"rendered":"Hospitalar"},"content":{"rendered":"\n<p>Sendo a principal feira do setor da sa\u00fade da Am\u00e9rica Latina, na Hospitalar voc\u00ea descobre as<strong> <\/strong>\u00faltimas inova\u00e7\u00f5es, estabelece parcerias estrat\u00e9gicas e participa de uma experi\u00eancia enriquecedora de troca de experi\u00eancias. A feira<strong> <\/strong>est\u00e1 comprometida em impulsionar o progresso do setor e convida voc\u00ea a fazer parte desse movimento!<\/p>\n\n\n\n<p>Junte-se a n\u00f3s nos dias 21 \u00e0 24 de maio das 11h \u00e0s 20h no S\u00e3o Paulo Expo.<\/p>\n\n\n\n<p>Endere\u00e7o: Rodovia dos Imigrantes, km 1,5, Jabaquara, S\u00e3o Paulo.<\/p>\n","protected":false},"excerpt":{"rendered":"<p>Sendo a principal feira do setor da sa\u00fade da Am\u00e9rica Latina, na Hospitalar voc\u00ea descobre as \u00faltimas inova\u00e7\u00f5es, estabelece parcerias estrat\u00e9gicas e participa de uma experi\u00eancia enriquecedora de troca de experi\u00eancias. A feira est\u00e1 comprometida em impulsionar o progresso do setor e convida voc\u00ea a fazer parte desse movimento! Junte-se a n\u00f3s nos dias 21 [&hellip;]<\/p>\n","protected":false},"author":2,"featured_media":1995,"comment_status":"open","ping_status":"open","sticky":false,"template":"","format":"standard","meta":{"footnotes":""},"categories":[25],"tags":[],"class_list":{"0":"post-1994","1":"post","2":"type-post","3":"status-publish","4":"format-standard","5":"has-post-thumbnail","7":"category-calendariodeeventos"},"_links":{"self":[{"href":"https:\/\/tveventos.tv.br\/index.php?rest_route=\/wp\/v2\/posts\/1994","targetHints":{"allow":["GET"]}}],"collection":[{"href":"https:\/\/tveventos.tv.br\/index.php?rest_route=\/wp\/v2\/posts"}],"about":[{"href":"https:\/\/tveventos.tv.br\/index.php?rest_route=\/wp\/v2\/types\/post"}],"author":[{"embeddable":true,"href":"https:\/\/tveventos.tv.br\/index.php?rest_route=\/wp\/v2\/users\/2"}],"replies":[{"embeddable":true,"href":"https:\/\/tveventos.tv.br\/index.php?rest_route=%2Fwp%2Fv2%2Fcomments&post=1994"}],"version-history":[{"count":1,"href":"https:\/\/tveventos.tv.br\/index.php?rest_route=\/wp\/v2\/posts\/1994\/revisions"}],"predecessor-version":[{"id":1996,"href":"https:\/\/tveventos.tv.br\/index.php?rest_route=\/wp\/v2\/posts\/1994\/revisions\/1996"}],"wp:featuredmedia":[{"embeddable":true,"href":"https:\/\/tveventos.tv.br\/index.php?rest_route=\/wp\/v2\/media\/1995"}],"wp:attachment":[{"href":"https:\/\/tveventos.tv.br\/index.php?rest_route=%2Fwp%2Fv2%2Fmedia&parent=1994"}],"wp:term":[{"taxonomy":"category","embeddable":true,"href":"https:\/\/tveventos.tv.br\/index.php?rest_route=%2Fwp%2Fv2%2Fcategories&post=1994"},{"taxonomy":"post_tag","embeddable":true,"href":"https:\/\/tveventos.tv.br\/index.php?rest_route=%2Fwp%2Fv2%2Ftags&post=1994"}],"curies":[{"name":"wp","href":"https:\/\/api.w.org\/{rel}","templated":true}]}}