{"id":2001,"date":"2024-05-20T11:29:53","date_gmt":"2024-05-20T14:29:53","guid":{"rendered":"https:\/\/tveventos.tv.br\/?p=2001"},"modified":"2024-05-20T11:29:57","modified_gmt":"2024-05-20T14:29:57","slug":"brasil-log","status":"publish","type":"post","link":"https:\/\/tveventos.tv.br\/?p=2001","title":{"rendered":"Brasil LOG"},"content":{"rendered":"\n<p>O evento \u00e9 reconhecido como o principal ambiente de networking e realiza\u00e7\u00e3o de neg\u00f3cios do setor, promovendo a integra\u00e7\u00e3o entre executivos, empresas de log\u00edstica, especialistas e um p\u00fablico visitante altamente qualificado.<\/p>\n\n\n\n<p>Empresas do setor log\u00edstico de v\u00e1rias partes do mundo est\u00e3o presentes no Brasil Log como, Americanas, Alem\u00e3s e Chinesas, mostrando a sua tecnologia e seus produtos.<\/p>\n\n\n\n<p>Junte-se a n\u00f3s nos dias 22 \u00e0 24 de maio das 12h \u00e0s 20h no Parque da Uva.<\/p>\n\n\n\n<p>Endere\u00e7o: Av. Jundia\u00ed S\/N\u00b0 &#8211; Anhangaba\u00fa | CEP: 13208-051 &#8211; Jundia\u00ed &#8211; SP<\/p>\n","protected":false},"excerpt":{"rendered":"<p>O evento \u00e9 reconhecido como o principal ambiente de networking e realiza\u00e7\u00e3o de neg\u00f3cios do setor, promovendo a integra\u00e7\u00e3o entre executivos, empresas de log\u00edstica, especialistas e um p\u00fablico visitante altamente qualificado. Empresas do setor log\u00edstico de v\u00e1rias partes do mundo est\u00e3o presentes no Brasil Log como, Americanas, Alem\u00e3s e Chinesas, mostrando a sua tecnologia e [&hellip;]<\/p>\n","protected":false},"author":2,"featured_media":2002,"comment_status":"open","ping_status":"open","sticky":false,"template":"","format":"standard","meta":{"footnotes":""},"categories":[25],"tags":[],"class_list":{"0":"post-2001","1":"post","2":"type-post","3":"status-publish","4":"format-standard","5":"has-post-thumbnail","7":"category-calendariodeeventos"},"_links":{"self":[{"href":"https:\/\/tveventos.tv.br\/index.php?rest_route=\/wp\/v2\/posts\/2001","targetHints":{"allow":["GET"]}}],"collection":[{"href":"https:\/\/tveventos.tv.br\/index.php?rest_route=\/wp\/v2\/posts"}],"about":[{"href":"https:\/\/tveventos.tv.br\/index.php?rest_route=\/wp\/v2\/types\/post"}],"author":[{"embeddable":true,"href":"https:\/\/tveventos.tv.br\/index.php?rest_route=\/wp\/v2\/users\/2"}],"replies":[{"embeddable":true,"href":"https:\/\/tveventos.tv.br\/index.php?rest_route=%2Fwp%2Fv2%2Fcomments&post=2001"}],"version-history":[{"count":1,"href":"https:\/\/tveventos.tv.br\/index.php?rest_route=\/wp\/v2\/posts\/2001\/revisions"}],"predecessor-version":[{"id":2003,"href":"https:\/\/tveventos.tv.br\/index.php?rest_route=\/wp\/v2\/posts\/2001\/revisions\/2003"}],"wp:featuredmedia":[{"embeddable":true,"href":"https:\/\/tveventos.tv.br\/index.php?rest_route=\/wp\/v2\/media\/2002"}],"wp:attachment":[{"href":"https:\/\/tveventos.tv.br\/index.php?rest_route=%2Fwp%2Fv2%2Fmedia&parent=2001"}],"wp:term":[{"taxonomy":"category","embeddable":true,"href":"https:\/\/tveventos.tv.br\/index.php?rest_route=%2Fwp%2Fv2%2Fcategories&post=2001"},{"taxonomy":"post_tag","embeddable":true,"href":"https:\/\/tveventos.tv.br\/index.php?rest_route=%2Fwp%2Fv2%2Ftags&post=2001"}],"curies":[{"name":"wp","href":"https:\/\/api.w.org\/{rel}","templated":true}]}}