{"id":2005,"date":"2024-05-20T11:34:02","date_gmt":"2024-05-20T14:34:02","guid":{"rendered":"https:\/\/tveventos.tv.br\/?p=2005"},"modified":"2024-05-20T11:34:05","modified_gmt":"2024-05-20T14:34:05","slug":"medical-cannabis-fair","status":"publish","type":"post","link":"https:\/\/tveventos.tv.br\/?p=2005","title":{"rendered":"Medical Cannabis Fair"},"content":{"rendered":"\n<p>Durante os 3 dias de eventos, empresas do Brasil e mundo apresentar\u00e3o suas marcas, novos medicamentos, tecnologias, equipamentos de laborat\u00f3rios e cultivo industrial, tecnologias para cultivo, empresas de educa\u00e7\u00e3o, servi\u00e7os financeiros, bem como os processos industriais do c\u00e2nhamo nas \u00e1reas t\u00eaxtil e de cosmetologia.<\/p>\n\n\n\n<p>Junte-se a n\u00f3s nos dias 23 \u00e0 25 de maio das 09h \u00e0s 20h no Expo Center Norte.<\/p>\n\n\n\n<p>Endere\u00e7o: Rua Jos\u00e9 Bernardo Pinto, 333 &#8211; Vila Guilherme, S\u00e3o Paulo\/SP<\/p>\n\n\n\n<p><\/p>\n","protected":false},"excerpt":{"rendered":"<p>Durante os 3 dias de eventos, empresas do Brasil e mundo apresentar\u00e3o suas marcas, novos medicamentos, tecnologias, equipamentos de laborat\u00f3rios e cultivo industrial, tecnologias para cultivo, empresas de educa\u00e7\u00e3o, servi\u00e7os financeiros, bem como os processos industriais do c\u00e2nhamo nas \u00e1reas t\u00eaxtil e de cosmetologia. Junte-se a n\u00f3s nos dias 23 \u00e0 25 de maio das [&hellip;]<\/p>\n","protected":false},"author":2,"featured_media":2006,"comment_status":"open","ping_status":"open","sticky":false,"template":"","format":"standard","meta":{"footnotes":""},"categories":[25],"tags":[],"class_list":{"0":"post-2005","1":"post","2":"type-post","3":"status-publish","4":"format-standard","5":"has-post-thumbnail","7":"category-calendariodeeventos"},"_links":{"self":[{"href":"https:\/\/tveventos.tv.br\/index.php?rest_route=\/wp\/v2\/posts\/2005","targetHints":{"allow":["GET"]}}],"collection":[{"href":"https:\/\/tveventos.tv.br\/index.php?rest_route=\/wp\/v2\/posts"}],"about":[{"href":"https:\/\/tveventos.tv.br\/index.php?rest_route=\/wp\/v2\/types\/post"}],"author":[{"embeddable":true,"href":"https:\/\/tveventos.tv.br\/index.php?rest_route=\/wp\/v2\/users\/2"}],"replies":[{"embeddable":true,"href":"https:\/\/tveventos.tv.br\/index.php?rest_route=%2Fwp%2Fv2%2Fcomments&post=2005"}],"version-history":[{"count":1,"href":"https:\/\/tveventos.tv.br\/index.php?rest_route=\/wp\/v2\/posts\/2005\/revisions"}],"predecessor-version":[{"id":2007,"href":"https:\/\/tveventos.tv.br\/index.php?rest_route=\/wp\/v2\/posts\/2005\/revisions\/2007"}],"wp:featuredmedia":[{"embeddable":true,"href":"https:\/\/tveventos.tv.br\/index.php?rest_route=\/wp\/v2\/media\/2006"}],"wp:attachment":[{"href":"https:\/\/tveventos.tv.br\/index.php?rest_route=%2Fwp%2Fv2%2Fmedia&parent=2005"}],"wp:term":[{"taxonomy":"category","embeddable":true,"href":"https:\/\/tveventos.tv.br\/index.php?rest_route=%2Fwp%2Fv2%2Fcategories&post=2005"},{"taxonomy":"post_tag","embeddable":true,"href":"https:\/\/tveventos.tv.br\/index.php?rest_route=%2Fwp%2Fv2%2Ftags&post=2005"}],"curies":[{"name":"wp","href":"https:\/\/api.w.org\/{rel}","templated":true}]}}