{"id":2012,"date":"2024-05-20T11:42:36","date_gmt":"2024-05-20T14:42:36","guid":{"rendered":"https:\/\/tveventos.tv.br\/?p=2012"},"modified":"2024-05-20T11:42:39","modified_gmt":"2024-05-20T14:42:39","slug":"celebra-show","status":"publish","type":"post","link":"https:\/\/tveventos.tv.br\/?p=2012","title":{"rendered":"Celebra Show"},"content":{"rendered":"\n<p>A Celebra Show \u00e9 a maior feira B2B do segmento de Natal, Festas, Halloween, Eventos Sociais, Confeitaria, Bal\u00f5es e Parques.<a href=\"https:\/\/www.celebrashow.com.br\/\"> <\/a>Organizada pela ABCasa (Associa\u00e7\u00e3o Brasileira de Artigos para Casa, Decora\u00e7\u00e3o, Presentes, Utilidades Dom\u00e9sticas, Festas, Flores e T\u00eaxtil), o evento conecta empresas e profissionais aos melhores fornecedores do setor. Com mais de 150 expositores, a feira apresenta novidades em primeira m\u00e3o e re\u00fane fabricantes, importadores, exportadores e distribuidores.<\/p>\n\n\n\n<p>Junte-se a n\u00f3s nos dias 26 \u00e0 29 de maio das 10h \u00e0s 20h no Expo Center Norte.<\/p>\n\n\n\n<p>Endere\u00e7o:&nbsp; Rua Jos\u00e9 Bernardo Pinto, 333 &#8211; Vila Guilherme, S\u00e3o Paulo\/SP<\/p>\n","protected":false},"excerpt":{"rendered":"<p>A Celebra Show \u00e9 a maior feira B2B do segmento de Natal, Festas, Halloween, Eventos Sociais, Confeitaria, Bal\u00f5es e Parques. Organizada pela ABCasa (Associa\u00e7\u00e3o Brasileira de Artigos para Casa, Decora\u00e7\u00e3o, Presentes, Utilidades Dom\u00e9sticas, Festas, Flores e T\u00eaxtil), o evento conecta empresas e profissionais aos melhores fornecedores do setor. Com mais de 150 expositores, a feira [&hellip;]<\/p>\n","protected":false},"author":2,"featured_media":2013,"comment_status":"open","ping_status":"open","sticky":false,"template":"","format":"standard","meta":{"footnotes":""},"categories":[25],"tags":[],"class_list":{"0":"post-2012","1":"post","2":"type-post","3":"status-publish","4":"format-standard","5":"has-post-thumbnail","7":"category-calendariodeeventos"},"_links":{"self":[{"href":"https:\/\/tveventos.tv.br\/index.php?rest_route=\/wp\/v2\/posts\/2012","targetHints":{"allow":["GET"]}}],"collection":[{"href":"https:\/\/tveventos.tv.br\/index.php?rest_route=\/wp\/v2\/posts"}],"about":[{"href":"https:\/\/tveventos.tv.br\/index.php?rest_route=\/wp\/v2\/types\/post"}],"author":[{"embeddable":true,"href":"https:\/\/tveventos.tv.br\/index.php?rest_route=\/wp\/v2\/users\/2"}],"replies":[{"embeddable":true,"href":"https:\/\/tveventos.tv.br\/index.php?rest_route=%2Fwp%2Fv2%2Fcomments&post=2012"}],"version-history":[{"count":1,"href":"https:\/\/tveventos.tv.br\/index.php?rest_route=\/wp\/v2\/posts\/2012\/revisions"}],"predecessor-version":[{"id":2014,"href":"https:\/\/tveventos.tv.br\/index.php?rest_route=\/wp\/v2\/posts\/2012\/revisions\/2014"}],"wp:featuredmedia":[{"embeddable":true,"href":"https:\/\/tveventos.tv.br\/index.php?rest_route=\/wp\/v2\/media\/2013"}],"wp:attachment":[{"href":"https:\/\/tveventos.tv.br\/index.php?rest_route=%2Fwp%2Fv2%2Fmedia&parent=2012"}],"wp:term":[{"taxonomy":"category","embeddable":true,"href":"https:\/\/tveventos.tv.br\/index.php?rest_route=%2Fwp%2Fv2%2Fcategories&post=2012"},{"taxonomy":"post_tag","embeddable":true,"href":"https:\/\/tveventos.tv.br\/index.php?rest_route=%2Fwp%2Fv2%2Ftags&post=2012"}],"curies":[{"name":"wp","href":"https:\/\/api.w.org\/{rel}","templated":true}]}}