{"id":2017,"date":"2024-05-21T14:23:06","date_gmt":"2024-05-21T17:23:06","guid":{"rendered":"https:\/\/tveventos.tv.br\/?p=2017"},"modified":"2024-05-21T14:23:09","modified_gmt":"2024-05-21T17:23:09","slug":"evento-em-sao-paulo-ira-reunir-lideres-renomados-para-debater-as-principais-mudancas-advindas-com-a-inteligencia-artificial","status":"publish","type":"post","link":"https:\/\/tveventos.tv.br\/?p=2017","title":{"rendered":"Evento em S\u00e3o Paulo ir\u00e1 reunir l\u00edderes renomados para debater as principais mudan\u00e7as advindas com a Intelig\u00eancia Artificial"},"content":{"rendered":"\n<p>O AI Summit Brasil 2024 acontece entre os dias 02 e 03 de setembro, na Universidade Presbiteriana Mackenzie<\/p>\n\n\n\n<p>Entre os dias 02 e 03 de setembro acontece o <strong>AI Summit Brasil 2024<\/strong>, evento que tem como objetivo debater as principais mudan\u00e7as advindas com a Intelig\u00eancia Artificial atrav\u00e9s de uma s\u00e9rie de palestras com l\u00edderes e profissionais renomados da \u00e1rea. O evento realizado pelo INSTITUTO VALOR, Institui\u00e7\u00e3o Cient\u00edfica, Tecnol\u00f3gica e de Inova\u00e7\u00e3o (ICT) privada fundada em 2012 por <strong>Jorge Muzy<\/strong> e <strong>Solange Muzy<\/strong>, acontece em S\u00e3o Paulo, na Universidade Presbiteriana Mackenzie.<\/p>\n\n\n\n<p>Durante os dois dias de evento, os participantes ir\u00e3o realizar uma imers\u00e3o no universo da Intelig\u00eancia Artificial e ter\u00e3o a oportunidade de conhecer solu\u00e7\u00f5es pr\u00e1ticas e inovadoras para diversos setores, al\u00e9m de participar de debates importantes como as quest\u00f5es \u00e9ticas e de responsabilidade do setor de IA, levando em conta impactos sociais, regulat\u00f3rias e ambientais.<\/p>\n\n\n\n<p>A inclus\u00e3o e a diversidade tamb\u00e9m ter\u00e3o espa\u00e7o no AI Summit Brasil 2024, que ir\u00e1 enfatizar a import\u00e2ncia de solu\u00e7\u00f5es representativas e inovadoras para uma variedade de grupos sociais, culturais e demogr\u00e1ficos. Diversos profissionais renomados da \u00e1rea ir\u00e3o participar do evento, como \u00e9 o caso do <strong>Alan Nicolas<\/strong>, especialista em IA aplicada aos neg\u00f3cios e criador da Comunidade Academia Lend\u00e1r[IA], startup de educa\u00e7\u00e3o e inova\u00e7\u00e3o com mais de 5.000 alunos.<\/p>\n\n\n\n<p>Tamb\u00e9m marcam presen\u00e7a nesta edi\u00e7\u00e3o <strong>Walter Longo<\/strong>, publicit\u00e1rio e administrador de empresas com MBA na Universidade da Calif\u00f3rnia e s\u00f3cio-diretor da Unimark Comunica\u00e7\u00e3o. Anteriormente era presidente do Grupo Abril e mentor de estrat\u00e9gia e inova\u00e7\u00e3o do Grupo Newcomm. <strong>Glades Cheury<\/strong> tamb\u00e9m \u00e9 uma das palestrantes confirmadas. Executiva com mais de 20 anos de experi\u00eancia, atuando em grandes empresas de auditoria e consultoria, ela vem desenvolvendo trabalhos com mulheres em IA, na I2AI \u2013 Associa\u00e7\u00e3o Internacional de Intelig\u00eancia Artificial.<\/p>\n\n\n\n<p><em>&#8220;Na era da disrup\u00e7\u00e3o exponencial, a Intelig\u00eancia Artificial n\u00e3o apenas desafia as fronteiras do conhecimento, mas tamb\u00e9m toca o \u00e2mago da nossa humanidade, promovendo uma revolu\u00e7\u00e3o que transcende o tempo e o espa\u00e7o, impulsionando-nos a explorar horizontes jamais imaginados&#8221;<\/em>, afirma Jorge Muzy, um dos idealizadores do projeto.<\/p>\n\n\n\n<p><strong>Servi\u00e7o<\/strong><\/p>\n\n\n\n<p><strong>AI Summit Brasil 2024<\/strong><\/p>\n\n\n\n<p><strong>Data:<\/strong> 02 (segunda) e 03 (ter\u00e7a) de setembro<\/p>\n\n\n\n<p><strong>Local:<\/strong> Universidade Presbiteriana Mackenzie<\/p>\n\n\n\n<p>Rua Itamb\u00e9, 135 \u2022 Higien\u00f3polis \u2022 S\u00e3o Paulo \u2013 SP \u2022 01239-001<\/p>\n\n\n\n<p><strong>Mais informa\u00e7\u00f5es:<\/strong> <a href=\"https:\/\/aisummit.org.br\/\">https:\/\/aisummit.org.br\/<\/a><\/p>\n\n\n\n<p><strong>Sobre o AI Summit Brasil 2024<\/strong><\/p>\n\n\n\n<p>O AI Summit Brazil 2024 emerge como um evento de destaque no cen\u00e1rio internacional, solidificando sua posi\u00e7\u00e3o como uma refer\u00eancia indispens\u00e1vel no campo em constante evolu\u00e7\u00e3o da Intelig\u00eancia Artificial. Com uma concep\u00e7\u00e3o cuidadosamente elaborada, o AI Summit visa catalisar a sinergia global ao proporcionar um espa\u00e7o prop\u00edcio para a intera\u00e7\u00e3o de l\u00edderes, especialistas e entusiastas.<\/p>\n","protected":false},"excerpt":{"rendered":"<p>O AI Summit Brasil 2024 acontece entre os dias 02 e 03 de setembro, na Universidade Presbiteriana Mackenzie Entre os dias 02 e 03 de setembro acontece o AI Summit Brasil 2024, evento que tem como objetivo debater as principais mudan\u00e7as advindas com a Intelig\u00eancia Artificial atrav\u00e9s de uma s\u00e9rie de palestras com l\u00edderes e [&hellip;]<\/p>\n","protected":false},"author":3,"featured_media":2019,"comment_status":"open","ping_status":"open","sticky":false,"template":"","format":"standard","meta":{"footnotes":""},"categories":[1],"tags":[],"class_list":{"0":"post-2017","1":"post","2":"type-post","3":"status-publish","4":"format-standard","5":"has-post-thumbnail","7":"category-workshopsepalestras"},"_links":{"self":[{"href":"https:\/\/tveventos.tv.br\/index.php?rest_route=\/wp\/v2\/posts\/2017","targetHints":{"allow":["GET"]}}],"collection":[{"href":"https:\/\/tveventos.tv.br\/index.php?rest_route=\/wp\/v2\/posts"}],"about":[{"href":"https:\/\/tveventos.tv.br\/index.php?rest_route=\/wp\/v2\/types\/post"}],"author":[{"embeddable":true,"href":"https:\/\/tveventos.tv.br\/index.php?rest_route=\/wp\/v2\/users\/3"}],"replies":[{"embeddable":true,"href":"https:\/\/tveventos.tv.br\/index.php?rest_route=%2Fwp%2Fv2%2Fcomments&post=2017"}],"version-history":[{"count":1,"href":"https:\/\/tveventos.tv.br\/index.php?rest_route=\/wp\/v2\/posts\/2017\/revisions"}],"predecessor-version":[{"id":2018,"href":"https:\/\/tveventos.tv.br\/index.php?rest_route=\/wp\/v2\/posts\/2017\/revisions\/2018"}],"wp:featuredmedia":[{"embeddable":true,"href":"https:\/\/tveventos.tv.br\/index.php?rest_route=\/wp\/v2\/media\/2019"}],"wp:attachment":[{"href":"https:\/\/tveventos.tv.br\/index.php?rest_route=%2Fwp%2Fv2%2Fmedia&parent=2017"}],"wp:term":[{"taxonomy":"category","embeddable":true,"href":"https:\/\/tveventos.tv.br\/index.php?rest_route=%2Fwp%2Fv2%2Fcategories&post=2017"},{"taxonomy":"post_tag","embeddable":true,"href":"https:\/\/tveventos.tv.br\/index.php?rest_route=%2Fwp%2Fv2%2Ftags&post=2017"}],"curies":[{"name":"wp","href":"https:\/\/api.w.org\/{rel}","templated":true}]}}