{"id":2027,"date":"2024-05-21T15:49:27","date_gmt":"2024-05-21T18:49:27","guid":{"rendered":"https:\/\/tveventos.tv.br\/?p=2027"},"modified":"2024-05-21T15:49:30","modified_gmt":"2024-05-21T18:49:30","slug":"central-plaza-shopping-recebe-expo-bebe-gestante","status":"publish","type":"post","link":"https:\/\/tveventos.tv.br\/?p=2027","title":{"rendered":"Central Plaza Shopping recebe Expo Beb\u00ea &amp; Gestante"},"content":{"rendered":"\n<p><em>De 22 a 26 de maio, os visitantes poder\u00e3o conferir produtos do universo da maternidade com os melhores pre\u00e7os e entrada franca<\/em><\/p>\n\n\n\n<p>Com objetivo de proporcionar a melhor experi\u00eancia de compra para os seus visitantes, o Central Plaza Shopping, maior centro de compras e entretenimento da Vila Prudente, recebe entre os dias 22 e 26 de maio, a Expo Beb\u00ea &amp; Gestante. Com entrada gratuita, as gestantes e familiares poder\u00e3o encontrar em um s\u00f3 lugar roupas, acess\u00f3rios, enxovais, brinquedos, m\u00f3veis e diversos produtos do segmento no Sald\u00e3o Anual, que oferece pre\u00e7os abaixo do custo.<\/p>\n\n\n\n<p>Para tornar o evento ainda melhor, todas as gestantes que visitarem a Expo Beb\u00ea &amp; Gestante, ser\u00e3o presenteadas com um vale-compras de R$ 40,00 para aproveitarem as novidades da feira em lojas selecionadas. Para garantir o vale-compras, todas as gr\u00e1vidas devem fazer cadastro na entrada da feira, e gr\u00e1vidas abaixo de 3 meses precisam levar o comprovante da gesta\u00e7\u00e3o.<\/p>\n\n\n\n<p>Conhecida como uma feira de varejo por um pre\u00e7o de atacado, a Expo Beb\u00ea &amp; Gestante atrai pela variedade e qualidade dos produtos destinados especialmente \u00e0s gestantes e crian\u00e7as de at\u00e9 10 anos de idade e chega agora ao Central Plaza Shopping com mais de 100 expositores e produtos com at\u00e9 70% de desconto.<\/p>\n\n\n\n<p>Para maior comodidade dos visitantes, a feira conta com frald\u00e1rio, sala de amamenta\u00e7\u00e3o e pra\u00e7a de alimenta\u00e7\u00e3o.<\/p>\n\n\n\n<p>Servi\u00e7o:&nbsp;<\/p>\n\n\n\n<p>Central Plaza Shopping \u2013 <em>Expo Beb\u00ea &amp; Gestante<\/em><em><br><\/em>Endere\u00e7o: Av. Dr. Francisco Mesquita, 1000 \u2013 Vila Prudente<br>Datas: 22 a 26 de maio<br>Hor\u00e1rios: Das 14h \u00e0s 22h<\/p>\n\n\n\n<p><br>Entrada gratuita<br>Estacionamento gratuito por 2 horas<strong>&nbsp;<\/strong><\/p>\n","protected":false},"excerpt":{"rendered":"<p>De 22 a 26 de maio, os visitantes poder\u00e3o conferir produtos do universo da maternidade com os melhores pre\u00e7os e entrada franca Com objetivo de proporcionar a melhor experi\u00eancia de compra para os seus visitantes, o Central Plaza Shopping, maior centro de compras e entretenimento da Vila Prudente, recebe entre os dias 22 e 26 [&hellip;]<\/p>\n","protected":false},"author":3,"featured_media":2028,"comment_status":"open","ping_status":"open","sticky":false,"template":"","format":"standard","meta":{"footnotes":""},"categories":[23],"tags":[],"class_list":{"0":"post-2027","1":"post","2":"type-post","3":"status-publish","4":"format-standard","5":"has-post-thumbnail","7":"category-feirasdenegocios"},"_links":{"self":[{"href":"https:\/\/tveventos.tv.br\/index.php?rest_route=\/wp\/v2\/posts\/2027","targetHints":{"allow":["GET"]}}],"collection":[{"href":"https:\/\/tveventos.tv.br\/index.php?rest_route=\/wp\/v2\/posts"}],"about":[{"href":"https:\/\/tveventos.tv.br\/index.php?rest_route=\/wp\/v2\/types\/post"}],"author":[{"embeddable":true,"href":"https:\/\/tveventos.tv.br\/index.php?rest_route=\/wp\/v2\/users\/3"}],"replies":[{"embeddable":true,"href":"https:\/\/tveventos.tv.br\/index.php?rest_route=%2Fwp%2Fv2%2Fcomments&post=2027"}],"version-history":[{"count":1,"href":"https:\/\/tveventos.tv.br\/index.php?rest_route=\/wp\/v2\/posts\/2027\/revisions"}],"predecessor-version":[{"id":2029,"href":"https:\/\/tveventos.tv.br\/index.php?rest_route=\/wp\/v2\/posts\/2027\/revisions\/2029"}],"wp:featuredmedia":[{"embeddable":true,"href":"https:\/\/tveventos.tv.br\/index.php?rest_route=\/wp\/v2\/media\/2028"}],"wp:attachment":[{"href":"https:\/\/tveventos.tv.br\/index.php?rest_route=%2Fwp%2Fv2%2Fmedia&parent=2027"}],"wp:term":[{"taxonomy":"category","embeddable":true,"href":"https:\/\/tveventos.tv.br\/index.php?rest_route=%2Fwp%2Fv2%2Fcategories&post=2027"},{"taxonomy":"post_tag","embeddable":true,"href":"https:\/\/tveventos.tv.br\/index.php?rest_route=%2Fwp%2Fv2%2Ftags&post=2027"}],"curies":[{"name":"wp","href":"https:\/\/api.w.org\/{rel}","templated":true}]}}