{"id":2030,"date":"2024-05-21T16:44:17","date_gmt":"2024-05-21T19:44:17","guid":{"rendered":"https:\/\/tveventos.tv.br\/?p=2030"},"modified":"2024-05-21T16:44:20","modified_gmt":"2024-05-21T19:44:20","slug":"protese-com-salto-alto-ajustavel-e-uma-das-novidades-da-feira-hospitalar-2024","status":"publish","type":"post","link":"https:\/\/tveventos.tv.br\/?p=2030","title":{"rendered":"Pr\u00f3tese com salto alto ajust\u00e1vel \u00e9 uma das novidades da Feira Hospitalar 2024"},"content":{"rendered":"\n<p class=\"has-text-align-center\"><em>Evento acontece entre os dias 21 e 24 de maio na cidade de S\u00e3o Paulo e traz inova\u00e7\u00f5es em tecnologias da sa\u00fade<\/em><\/p>\n\n\n\n<p>Entre os dias 21 e 24 de maio acontece na capital paulista a Feira Hospitalar, um dos mais importantes eventos sobre inova\u00e7\u00f5es na \u00e1rea de sa\u00fade da Am\u00e9rica Latina. A expectativa da organiza\u00e7\u00e3o \u00e9 receber cerca de 90 mil visitantes e 1,2 mil expositores de aproximadamente cem pa\u00edses. Com diferentes novidades no setor, uma delas chama a aten\u00e7\u00e3o pela praticidade para utilizadores de pr\u00f3teses nos membros inferiores: trata-se de um p\u00e9 que permite que as pessoas amputadas usem de maneira confort\u00e1vel e segura cal\u00e7ados com diferentes alturas de salto.<\/p>\n\n\n\n<p>O equipamento \u00e9 chamado de Taleo Adjust, que ser\u00e1 lan\u00e7ado oficialmente durante a Feira Hospitalar. A tecnologia \u00e9 uma nova vers\u00e3o do p\u00e9 prot\u00e9tico Taleo, que foi lan\u00e7ado no Brasil em 2019. O componente \u00e9 desenvolvido pela Ottobock, empresa alem\u00e3 que pesquisa e fabrica componentes de tecnologia assistiva para pessoas com defici\u00eancia e mobilidade reduzida, como pr\u00f3teses, \u00f3rteses e cadeiras de rodas.<\/p>\n\n\n\n<p>Segundo a empresa, o equipamento tem como material principal o carbono, o que traz resist\u00eancia ao componente. A pr\u00f3tese foi projetada para que os utilizadores possam modificar a altura do salto entre 0 at\u00e9 7 cent\u00edmetros, conforme a necessidade di\u00e1ria. Dessa forma, a pr\u00f3tese atende aos desejos dos utilizadores em diferentes ambientes e ocasi\u00f5es. O ajuste do alinhamento do componente, segundo a empresa, \u00e9 simples e pode ser feito pela pr\u00f3pria pessoa, sem necessidade de ferramentas.&nbsp;<\/p>\n\n\n\n<p><strong>Experi\u00eancia inovadora<\/strong><\/p>\n\n\n\n<p>A novidade foi recebida como uma surpresa e aprovada pela analista de treinamento Karina Neves Matos, de 44 anos. Moradora de Belo Horizonte, ela sofreu um acidente de carro em novembro de 2013 enquanto dirigia em uma estrada entre a capital mineira e a cidade de Divin\u00f3polis. Ap\u00f3s uma derrapagem, o carro perdeu o controle e, na sequ\u00eancia houve a colis\u00e3o do ve\u00edculo com o&nbsp;<em>guard rail<\/em>, e Karina teve um dos p\u00e9s amputados no momento do acidente. Com isso, precisou usar uma pr\u00f3tese. Ela estava h\u00e1 cerca de dez anos sem usar sapatos de salto e teve a experi\u00eancia de utilizar o novo p\u00e9 prot\u00e9tico antes do lan\u00e7amento.<\/p>\n\n\n\n<p>A analista de treinamento disse que \u201cnem se lembrava mais\u201d como se usava um sapato de salto ao colocar a nova pr\u00f3tese. \u201cNa hora de usar fiquei com um pouco de medo, mas achei o equipamento muito bom e diferente do que j\u00e1 havia no mercado. Eu acho importante ter essa possibilidade e a experi\u00eancia de ajustar o equipamento n\u00e3o apenas para saltos, mas tamb\u00e9m para outros tipos de cal\u00e7ados\u201d, comenta.<\/p>\n\n\n\n<p>Karina fala tamb\u00e9m que uma das caracter\u00edsticas que mais chamou a aten\u00e7\u00e3o na pr\u00f3tese \u00e9 a comodidade, al\u00e9m de facilidade no ajuste da altura. \u201cPara quem usa cal\u00e7ados mais altos, n\u00e3o apenas mulheres, como homens que precisam de sapatos sociais, ou at\u00e9 mesmo um t\u00eanis, \u00e9 uma alternativa para situa\u00e7\u00f5es que n\u00f3s, que usamos pr\u00f3teses, geralmente temos mais dificuldade\u201d, diz.<\/p>\n\n\n\n<p>O diretor de academy da Ottobock na Am\u00e9rica Latina, Thomas Pfleghar, comenta sobre a adapta\u00e7\u00e3o de pessoas amputadas a componentes novos como esse. \u201cAssim como o caso da Karina, que ficou surpresa com a novidade, isso pode acontecer com qualquer pessoa, em maior ou menor grau. \u00c9 natural, pois o processo de se acostumar com novas pr\u00f3teses varia de pessoa para pessoa, mesmo que seja uma tecnologia que traga um benef\u00edcio para a rotina. Por isso \u00e9 importante buscar os especialistas e cl\u00ednicas para a reabilita\u00e7\u00e3o, para ter a diretriz necess\u00e1ria na adapta\u00e7\u00e3o\u201d, comenta.&nbsp;<\/p>\n\n\n\n<p><strong>Novos componentes<\/strong><\/p>\n\n\n\n<p>A empresa leva ao evento mais duas novidades em tecnologia assistiva. Uma delas \u00e9 o encaixe prot\u00e9tico ajust\u00e1vel Varos. O encaixe \u00e9 a parte que liga a pr\u00f3tese ao membro residual do corpo humano e, por isso, o conforto e a seguran\u00e7a s\u00e3o fundamentais nessa pe\u00e7a. O Varos possibilita ao utilizador moldar seu tamanho e largura conforme altera\u00e7\u00f5es corporais, como peso e necessidades di\u00e1rias. \u201cO encaixe foi projetado para pessoas que tenham amputa\u00e7\u00e3o transfemural, ou seja, acima do joelho. Os utilizadores podem realizar os ajustes desde o in\u00edcio da adapta\u00e7\u00e3o. A modelagem mais flex\u00edvel do componente possibilita conforto para as pessoas amputadas, al\u00e9m de facilidade para colocar e retirar a pr\u00f3tese\u201d, avalia o diretor.<\/p>\n\n\n\n<p>A outra novidade \u00e9&nbsp;o adaptador Quickchange, que traz a possibilidade de pessoas amputadas fazerem altera\u00e7\u00e3o dos seus componentes prot\u00e9ticos, ligados ao encaixe, de forma independente em apenas um click. \u201cIsso facilita que pessoas que necessitem utilizar v\u00e1rios componentes no mesmo dia, em diferentes ocasi\u00f5es, como atletas de alto rendimento, por exemplo, possam fazer a troca de equipamentos de uso di\u00e1rio para as pr\u00f3teses de corrida com maior agilidade\u201d, comenta Thomas. O Quickchange \u00e9 \u00e0 prova d\u00b4\u00e1gua e, quando combinado com outros componentes tamb\u00e9m \u00e0 prova d\u00b4\u00e1gua, pode ser utilizado sem preocupa\u00e7\u00e3o.<\/p>\n\n\n\n<p>De acordo com o diretor da empresa, a ideia de ter pr\u00f3teses como essa passa pela pesquisa sobre as necessidades das pessoas no dia a dia. \u201cO objetivo de qualquer pr\u00f3tese \u00e9 devolver o bem-estar e a autonomia da pessoa amputada da melhor forma poss\u00edvel. Ainda que n\u00e3o seja um membro humano, o componente prot\u00e9tico pode reunir caracter\u00edsticas inspiradas na rotina de uma pessoa sem defici\u00eancia. \u00c9 por isso que essas novas tecnologias ampliam a possibilidade para amputados\u201d, diz.&nbsp;<\/p>\n\n\n\n<p>Servi\u00e7o&nbsp;<\/p>\n\n\n\n<p><strong>Feira Hospitalar 2024<\/strong><br>Quando: de 21 a 24 de maio<br>Hor\u00e1rio: das 11h \u00e0s 20h<br>Local: S\u00e3o Paulo Expo<br>Endere\u00e7o: Rodovia dos Imigrantes, 1,5 km &#8211; Vila \u00c1gua Funda, S\u00e3o Paulo &#8211; SP<br>Informa\u00e7\u00f5es:&nbsp;<a href=\"https:\/\/word-edit.officeapps.live.com\/Downloads\/Feira%20Hospitalar%202024Quando:%20de%2021%20a%2024%20de%20maioHor%C3%A1rio:%20das%2011h%20%C3%A0s%2020hLocal:%20S%C3%A3o%20Paulo%20ExpoEndere%C3%A7o:%20Rodovia%20dos%20Imigrantes,%201,5%20km%20-%20Vila%20%C3%81gua%20Funda,%20S%C3%A3o%20Paulo%20-%20SPInforma%C3%A7%C3%B5es:%20https:\/\/www.hospitalar.com\/pt\/home.html\" target=\"_blank\" rel=\"noreferrer noopener\">https:\/\/www.hospitalar.com\/pt\/home.html<\/a>&nbsp;<\/p>\n\n\n\n<p><strong>Sobre a Ottobock<\/strong>&nbsp;<\/p>\n\n\n\n<p>Fundada em 1919, em Berlim, na Alemanha, a Ottobock \u00e9 refer\u00eancia mundial na reabilita\u00e7\u00e3o de pessoas amputadas ou com mobilidade reduzida por sua dedica\u00e7\u00e3o em desenvolver tecnologia e inova\u00e7\u00e3o a fim de retomar a qualidade de vida dos usu\u00e1rios. Dentro de um vasto portf\u00f3lio de produtos, a institui\u00e7\u00e3o investe em pr\u00f3teses (equipamentos utilizados por pessoas que passaram por uma amputa\u00e7\u00e3o); \u00f3rteses (quando pacientes possuem mobilidade reduzida devido a traumas e doen\u00e7as ou quando est\u00e3o em processo de reabilita\u00e7\u00e3o); e mobility (cadeiras de rodas para locomo\u00e7\u00e3o, com tecnologia adequada a cada necessidade). A Ottobock chegou ao Brasil em 1975 e atua no mercado da Am\u00e9rica Latina tamb\u00e9m em outros pa\u00edses como M\u00e9xico, Col\u00f4mbia, Equador, Peru, Uruguai, Argentina, Chile e Cuba, al\u00e9m de territ\u00f3rios da Am\u00e9rica Central. Atualmente, no Brasil, s\u00e3o oito cl\u00ednicas, presentes em S\u00e3o Paulo, Rio de Janeiro, Porto Alegre, Curitiba, Belo Horizonte, Recife e Salvador.&nbsp;<\/p>\n","protected":false},"excerpt":{"rendered":"<p>Evento acontece entre os dias 21 e 24 de maio na cidade de S\u00e3o Paulo e traz inova\u00e7\u00f5es em tecnologias da sa\u00fade Entre os dias 21 e 24 de maio acontece na capital paulista a Feira Hospitalar, um dos mais importantes eventos sobre inova\u00e7\u00f5es na \u00e1rea de sa\u00fade da Am\u00e9rica Latina. A expectativa da organiza\u00e7\u00e3o [&hellip;]<\/p>\n","protected":false},"author":2,"featured_media":2031,"comment_status":"open","ping_status":"open","sticky":false,"template":"","format":"standard","meta":{"footnotes":""},"categories":[23],"tags":[],"class_list":{"0":"post-2030","1":"post","2":"type-post","3":"status-publish","4":"format-standard","5":"has-post-thumbnail","7":"category-feirasdenegocios"},"_links":{"self":[{"href":"https:\/\/tveventos.tv.br\/index.php?rest_route=\/wp\/v2\/posts\/2030","targetHints":{"allow":["GET"]}}],"collection":[{"href":"https:\/\/tveventos.tv.br\/index.php?rest_route=\/wp\/v2\/posts"}],"about":[{"href":"https:\/\/tveventos.tv.br\/index.php?rest_route=\/wp\/v2\/types\/post"}],"author":[{"embeddable":true,"href":"https:\/\/tveventos.tv.br\/index.php?rest_route=\/wp\/v2\/users\/2"}],"replies":[{"embeddable":true,"href":"https:\/\/tveventos.tv.br\/index.php?rest_route=%2Fwp%2Fv2%2Fcomments&post=2030"}],"version-history":[{"count":1,"href":"https:\/\/tveventos.tv.br\/index.php?rest_route=\/wp\/v2\/posts\/2030\/revisions"}],"predecessor-version":[{"id":2032,"href":"https:\/\/tveventos.tv.br\/index.php?rest_route=\/wp\/v2\/posts\/2030\/revisions\/2032"}],"wp:featuredmedia":[{"embeddable":true,"href":"https:\/\/tveventos.tv.br\/index.php?rest_route=\/wp\/v2\/media\/2031"}],"wp:attachment":[{"href":"https:\/\/tveventos.tv.br\/index.php?rest_route=%2Fwp%2Fv2%2Fmedia&parent=2030"}],"wp:term":[{"taxonomy":"category","embeddable":true,"href":"https:\/\/tveventos.tv.br\/index.php?rest_route=%2Fwp%2Fv2%2Fcategories&post=2030"},{"taxonomy":"post_tag","embeddable":true,"href":"https:\/\/tveventos.tv.br\/index.php?rest_route=%2Fwp%2Fv2%2Ftags&post=2030"}],"curies":[{"name":"wp","href":"https:\/\/api.w.org\/{rel}","templated":true}]}}