{"id":2034,"date":"2024-05-22T18:11:48","date_gmt":"2024-05-22T21:11:48","guid":{"rendered":"https:\/\/tveventos.tv.br\/?p=2034"},"modified":"2024-05-22T18:11:52","modified_gmt":"2024-05-22T21:11:52","slug":"em-coletiva-de-imprensa-calcadistasalertam-para-concorrencia-predatoria","status":"publish","type":"post","link":"https:\/\/tveventos.tv.br\/?p=2034","title":{"rendered":"Em coletiva de imprensa, cal\u00e7adistasalertam para concorr\u00eancia predat\u00f3ria"},"content":{"rendered":"\n<p>Al\u00e9m de dados e proje\u00e7\u00f5es da ind\u00fastria cal\u00e7adista nacional, foram destaques na coletiva de imprensa realizada hoje (22) na BFSHOW, em S\u00e3o Paulo\/SP, o impacto das enchentes para o setor no Rio Grande do Sul e a import\u00e2ncia de defender a atividade da concorr\u00eancia desleal, principalmente a imposta pelas plataformas internacionais de e-commerce, que atualmente est\u00e3o isentas de impostos de importa\u00e7\u00e3o em remessas de at\u00e9 US$ 50.<\/p>\n\n\n\n<p><br>O presidente-executivo da Associa\u00e7\u00e3o Brasileira das Ind\u00fastrias de Cal\u00e7ados (Abical\u00e7ados), Haroldo Ferreira, abriu o encontro com jornalistas nacionais e internacionais ressaltando os n\u00fameros do setor, que teve uma queda produtiva em 2023, de 2,3%, principalmente impactado pelo rev\u00e9s nas exporta\u00e7\u00f5es, que ca\u00edram 16,6% naquele ano. Para 2024, no entanto, as expectativas s\u00e3o mais positivas. \u201cEm 2024, a produ\u00e7\u00e3o deve crescer entre 0,9% e 2,2%, puxada, mais uma vez, pelo mercado dom\u00e9stico. O consumo interno deve ter um incremento entre 2,4% e 3,8%, enquanto as exporta\u00e7\u00f5es devem registrar a segunda queda consecutiva, entre 5% e 9,7%\u201d, comentou.<\/p>\n\n\n\n<p><br>Segundo Ferreira, al\u00e9m do ambiente internacional de desaquecimento, especialmente em fun\u00e7\u00e3o dos juros nas principais economias, a normaliza\u00e7\u00e3o dos pre\u00e7os do frete &#8211; que tem proporcionado a reinser\u00e7\u00e3o da China no mercado internacional -, vem impactando na atividade a concorr\u00eancia desleal com as plataformas internacionais de com\u00e9rcio eletr\u00f4nico. \u201cN\u00e3o queremos benef\u00edcios, queremos ter condi\u00e7\u00f5es de paridade para concorrer. Atualmente, a ind\u00fastria nacional paga impostos em cascata, enquanto essas grandes plataformas enviam suas remessas de at\u00e9 US$ 50 com isen\u00e7\u00e3o total de imposto de importa\u00e7\u00e3o. O fato vem prejudicando o setor\u201d, alertou, ressaltando que a ind\u00fastria cal\u00e7adista nacional poderia crescer muito mais no mercado interno, n\u00e3o fosse essa concorr\u00eancia predat\u00f3ria, especialmente com os cal\u00e7ados asi\u00e1ticos. \u201cCapacidade de crescer mais, n\u00f3s temos, o que precisamos \u00e9 de consumidores para os nossos produtos no mercado interno, inundado por produ\u00e7\u00f5es asi\u00e1ticas. Estamos exportando empregos\u201d, concluiu.<\/p>\n\n\n\n<p><br>O executivo da Abical\u00e7ados tamb\u00e9m falou sobre a desonera\u00e7\u00e3o da folha de pagamentos. Ap\u00f3s um longo imbr\u00f3glio com o Governo Federal, que ajuizou a\u00e7\u00e3o no STF para derrubar a renova\u00e7\u00e3o da medida, aprovada no Congresso Nacional, foi realizado um acordo com o Minist\u00e9rio da Fazenda para que a cobran\u00e7a da al\u00edquota sobre a folha de sal\u00e1rios seguisse suspensa em 2024, passando a ter cobran\u00e7a h\u00edbrida em 2025, 2026 e 2027, e voltando integralmente em 2028.<\/p>\n\n\n\n<p><br><strong>Sucesso e mudan\u00e7a para SP<\/strong><br>O sucesso comercial e de visita\u00e7\u00e3o da segunda edi\u00e7\u00e3o da BFSHOW e a mudan\u00e7a da feira definitivamente para a capital paulista foi tema da fala do CEO da N\u00fcrnbergMesse Brasil, Jo\u00e3o Paulo Picolo. Com mais de 300 marcas de cal\u00e7ados de todo o Brasil, que respondem por mais de 80% da produ\u00e7\u00e3o nacional de cal\u00e7ados, a BFSHOW deve receber mais de 10 mil pessoas durante seus tr\u00eas dias de realiza\u00e7\u00e3o (21 a 23 de maio). \u201cA BFSHOW mostra a for\u00e7a da ind\u00fastria cal\u00e7adista nacional. Somente no primeiro dia (21), recebemos mais do que todo o p\u00fablico registrado na primeira edi\u00e7\u00e3o, em Porto Alegre\/RS\u201d, comemorou.<\/p>\n\n\n\n<p><br>O CEO ressaltou, ainda, a sustentabilidade do evento, j\u00e1 que a maior parte dos res\u00edduos gerados, que podem ser reciclados, ser\u00e3o reaproveitados. \u201cA gest\u00e3o de res\u00edduos \u00e9 uma preocupa\u00e7\u00e3o corrente na N\u00fcrnbergMesse Brasil em todos os seus 14 eventos no Brasil\u201d, acrescentou. Picolo tamb\u00e9m anunciou a mudan\u00e7a da feira para S\u00e3o Paulo. \u201cA log\u00edstica fica muito favorecida. A pr\u00f3xima edi\u00e7\u00e3o da feira ser\u00e1 realizada entre 11 e 13 de novembro, desta vez no Novo Distrito Anhembi, em S\u00e3o Paulo\u201d, anunciou.<\/p>\n\n\n\n<p><br><strong>Orgulho e an\u00fancio<\/strong><br>A diretora de Neg\u00f3cios da Ag\u00eancia Brasileira de Promo\u00e7\u00e3o de Exporta\u00e7\u00f5es e Investimentos (ApexBrasil), Ana Repezza, destacou o orgulho de apoiar a BFSHOW, que deve receber mais de 300 compradores internacionais de 60 pa\u00edses. \u201cTemos uma parceria de longa data com a Abical\u00e7ados, por meio do Brazilian Footwear, e devo dizer o orgulho que temos, pois \u00e9 um projeto de destaque na Ag\u00eancia\u201d, disse. Sobre a realiza\u00e7\u00e3o da feira, a diretora contou que conversou com muitos expositores e compradores. \u201cAs pessoas est\u00e3o impressionadas com a organiza\u00e7\u00e3o e sobretudo com a resili\u00eancia das marcas ga\u00fachas, que mesmo atingidas pelas enchentes fizeram quest\u00e3o de estar presentes\u201d, pontuou.<\/p>\n\n\n\n<p><br>Ana anunciou, ainda, um aporte de R$ 11 milh\u00f5es para empresas de micro e pequeno portes atingidas pela cat\u00e1strofe clim\u00e1tica no Rio Grande do Sul. \u201cNos pr\u00f3ximos dias, a ApexBrasil ir\u00e1 publicar uma instru\u00e7\u00e3o normativa para ajudar as empresas em a\u00e7\u00f5es comerciais para exporta\u00e7\u00e3o, na compra de maquin\u00e1rios e mat\u00e9rias-primas\u201d, adiantou.<\/p>\n\n\n\n<p><br><strong>Empres\u00e1rios<\/strong><br>Constru\u00e7\u00e3o coletiva do setor cal\u00e7adista nacional, a BFSHOW contou com a presen\u00e7a de empres\u00e1rios de diferentes polos cal\u00e7adistas e segmentos no seu encontro com a imprensa. Participaram Pedro Bartelle, CEO da Vulcabras, Ana Carolina Grings, vice-presidente da Piccadilly; Junior SIlva, diretor da Cromic Femme; Maria Colli, presidente da Pampili; Sergio Bocayuva, CEO da Usaflex; e Giuliano Spinelli, diretor da PG4 Galleria.<br>&nbsp;<\/p>\n\n\n\n<p><strong>Solidariedade<\/strong><br>Al\u00e9m de neg\u00f3cios e networking, os expositores, lojistas e importadores que visitam a BFSHOW podem ajudar as pessoas atingidas pelas enchentes por meio do engajamento no Movimentos Pr\u00f3ximos Passos RS, criado pela Abical\u00e7ados em parceria com entidades da cadeia produtiva do cal\u00e7ado e empres\u00e1rios do setor. Na feira, est\u00e3o espalhados totens com QR para realiza\u00e7\u00e3o de pix para o Movimento que est\u00e1 captando recursos financeiros que ser\u00e3o direcionados \u00e0 reestrutura\u00e7\u00e3o das condi\u00e7\u00f5es de vida das fam\u00edlias cal\u00e7adistas impactadas.<\/p>\n\n\n\n<p><br>\u2005\u2003\u2006\u200b\u200a\u200b<br>&nbsp;<\/p>\n\n\n\n<p><strong>Sobre a Abical\u00e7ados<\/strong><br>A Abical\u00e7ados \u00e9 a entidade que representa a ind\u00fastria nacional, quinta maior produtora de cal\u00e7ados do mundo, a maior do Ocidente. Fundada em 1983, a Abical\u00e7ados, sediada em Novo Hamburgo\/RS, possui em seu quadro de associados empresas de todos os portes e que respondem por mais de 65% do total de pares produzidos no Pa\u00eds. A entidade representa uma ind\u00fastria que emprega, diretamente, mais de 300 mil pessoas. Sua miss\u00e3o \u00e9 representar, defender, desenvolver e promover a ind\u00fastria cal\u00e7adista brasileira, com respeito, excel\u00eancia e resultados.<br>\u2005\u2003\u2006\u200b\u200a\u200b<br><strong>Sobre a operadora<\/strong><br>A N\u00fcrnbergMesse Brasil \u00e9 uma subsidi\u00e1ria do Grupo N\u00fcrnbergMesse, uma das 15 maiores empresas internacionais organizadoras de eventos do mundo. O portf\u00f3lio do grupo possui mais de 120 feiras e congressos internacionais (14 deles no Brasil) e mais de 40 pavilh\u00f5es. Anualmente, cerca de 30 mil expositores e mais de 1,5 milh\u00e3o de visitantes participam dos eventos organizados pela N\u00fcrnbergMesse, que est\u00e1 presente, por meio de suas subsidi\u00e1rias, na China, Estados Unidos, Brasil, Gr\u00e9cia, It\u00e1lia e \u00cdndia. O grupo ainda possui uma rede com cerca de 50 representantes, que operam em mais de 116 pa\u00edses.<\/p>\n\n\n\n<p><\/p>\n","protected":false},"excerpt":{"rendered":"<p>Al\u00e9m de dados e proje\u00e7\u00f5es da ind\u00fastria cal\u00e7adista nacional, foram destaques na coletiva de imprensa realizada hoje (22) na BFSHOW, em S\u00e3o Paulo\/SP, o impacto das enchentes para o setor no Rio Grande do Sul e a import\u00e2ncia de defender a atividade da concorr\u00eancia desleal, principalmente a imposta pelas plataformas internacionais de e-commerce, que atualmente [&hellip;]<\/p>\n","protected":false},"author":2,"featured_media":2035,"comment_status":"open","ping_status":"open","sticky":false,"template":"","format":"standard","meta":{"footnotes":""},"categories":[23],"tags":[],"class_list":{"0":"post-2034","1":"post","2":"type-post","3":"status-publish","4":"format-standard","5":"has-post-thumbnail","7":"category-feirasdenegocios"},"_links":{"self":[{"href":"https:\/\/tveventos.tv.br\/index.php?rest_route=\/wp\/v2\/posts\/2034","targetHints":{"allow":["GET"]}}],"collection":[{"href":"https:\/\/tveventos.tv.br\/index.php?rest_route=\/wp\/v2\/posts"}],"about":[{"href":"https:\/\/tveventos.tv.br\/index.php?rest_route=\/wp\/v2\/types\/post"}],"author":[{"embeddable":true,"href":"https:\/\/tveventos.tv.br\/index.php?rest_route=\/wp\/v2\/users\/2"}],"replies":[{"embeddable":true,"href":"https:\/\/tveventos.tv.br\/index.php?rest_route=%2Fwp%2Fv2%2Fcomments&post=2034"}],"version-history":[{"count":1,"href":"https:\/\/tveventos.tv.br\/index.php?rest_route=\/wp\/v2\/posts\/2034\/revisions"}],"predecessor-version":[{"id":2036,"href":"https:\/\/tveventos.tv.br\/index.php?rest_route=\/wp\/v2\/posts\/2034\/revisions\/2036"}],"wp:featuredmedia":[{"embeddable":true,"href":"https:\/\/tveventos.tv.br\/index.php?rest_route=\/wp\/v2\/media\/2035"}],"wp:attachment":[{"href":"https:\/\/tveventos.tv.br\/index.php?rest_route=%2Fwp%2Fv2%2Fmedia&parent=2034"}],"wp:term":[{"taxonomy":"category","embeddable":true,"href":"https:\/\/tveventos.tv.br\/index.php?rest_route=%2Fwp%2Fv2%2Fcategories&post=2034"},{"taxonomy":"post_tag","embeddable":true,"href":"https:\/\/tveventos.tv.br\/index.php?rest_route=%2Fwp%2Fv2%2Ftags&post=2034"}],"curies":[{"name":"wp","href":"https:\/\/api.w.org\/{rel}","templated":true}]}}