{"id":2037,"date":"2024-05-22T18:13:59","date_gmt":"2024-05-22T21:13:59","guid":{"rendered":"https:\/\/tveventos.tv.br\/?p=2037"},"modified":"2024-05-22T18:14:02","modified_gmt":"2024-05-22T21:14:02","slug":"maranhao-sedia-feira-nautica-inedita-com-lanchas-do-maior-fabricante-da-america-latina","status":"publish","type":"post","link":"https:\/\/tveventos.tv.br\/?p=2037","title":{"rendered":"Maranh\u00e3o sedia feira n\u00e1utica in\u00e9dita com lanchas do maior fabricante da Am\u00e9rica Latina"},"content":{"rendered":"\n<p class=\"has-text-align-center\"><em>Sete lanchas\u00a0ideais para navega\u00e7\u00e3o em mares, lagos, rios e represas, de 21 a 42 p\u00e9s, ser\u00e3o apresentadas neste final de semana de 24 a 26 de maio,\u00a0em Imperatriz (MA) durante o Focker Festival.\u00a0<\/em><\/p>\n\n\n\n<p>Com a maior diversidade de ecossistemas do pa\u00eds e uma extens\u00e3o de 640 km de litoral, incluindo praias, rios, mangues e lagoas, o Maranh\u00e3o encanta com suas belas paisagens e in\u00fameras op\u00e7\u00f5es de turismo n\u00e1utico. De acordo com a Associa\u00e7\u00e3o Brasileira dos Construtores de Barcos e seus Implementos (Acobar), o estado possui 5.530 embarca\u00e7\u00f5es de lazer registradas. Com proje\u00e7\u00e3o de movimentar ainda mais o mercado na regi\u00e3o, o munic\u00edpio de Imperatriz (MA) receber\u00e1 pela primeira vez o Focker Festival. O evento, organizado pela Fibrafort, a maior fabricante de barcos da Am\u00e9rica Latina, em parceria com a concession\u00e1ria Moto Oeste, ocorrer\u00e1 neste final de semana, de 24 a 26 de maio, no Yate Clube de Imperatriz. No local, o estaleiro exibir\u00e1 uma frota de sete embarca\u00e7\u00f5es, variando de 21 a 42 p\u00e9s, indicadas para navega\u00e7\u00e3o em rios, lagos, represas e mares.<\/p>\n\n\n\n<p>Os modelos confirmados no Festival s\u00e3o: Focker 212, Focker 242 GTO, Focker 255 GTO, Focker 272 GTO, Focker 300 GTS, Focker 366 GTS e F420 Gran Coup\u00e9. Todas as embarca\u00e7\u00f5es estar\u00e3o na \u00e1gua e algumas dispon\u00edveis para&nbsp;<em>test drive&nbsp;<\/em>e&nbsp;visita\u00e7\u00e3o. Al\u00e9m disso, no dia 25, a partir das 14h, na Praia do Amor, os visitantes poder\u00e3o desfrutar de um lounge flutuante com<em>&nbsp;open<\/em>&nbsp;bar e&nbsp;<em>open<\/em>&nbsp;food ao som de dois DJs.&nbsp;<\/p>\n\n\n\n<p>\u201c\u00c9 com imenso prazer que traremos pela primeira vez ao Maranh\u00e3o o Focker Festival. Este evento oferece in\u00fameras oportunidades para quem deseja trocar ou atualizar sua embarca\u00e7\u00e3o. \u00c9 o momento perfeito para comprar uma lancha nova ou seminova e j\u00e1 estar pronto para aproveitar o in\u00edcio do ver\u00e3o com a sua embarca\u00e7\u00e3o. O festival veio para fortalecer ainda mais nossos la\u00e7os com os clientes, al\u00e9m de apresentar os renomados modelos da Focker a novos consumidores da regi\u00e3o,\u201d destaca Cristiano Monteiro, vendedor da revenda Moto Oeste.<\/p>\n\n\n\n<p>&#8220;Estamos com grandes expectativas para este evento, que ser\u00e1 um verdadeiro festival de oportunidades para quem deseja ingressar no mercado n\u00e1utico e explorar as belezas da regi\u00e3o sobre as \u00e1guas. Escolhemos o munic\u00edpio de Imperatriz para realizar a feira devido \u00e0s suas belezas naturais e grande potencial para o turismo n\u00e1utico de lazer, com praias bel\u00edssimas como a do Cacau e a Praia do Meio. Pretendemos que esta seja a primeira de muitas edi\u00e7\u00f5es do Focker Festival no Maranh\u00e3o,&#8221; explica a gerente comercial e de marketing, Barbara Martendal Yamamoto.<br><br>O p\u00fablico que comparecer ao evento poder\u00e1 conferir de perto diversos modelos que estar\u00e3o expostos na \u00e1gua, incluindo o mais recente lan\u00e7amento do estaleiro, a Focker 300 GTS, um verdadeiro sucesso da marca. Al\u00e9m disso, os visitantes poder\u00e3o realizar testes e aproveitar condi\u00e7\u00f5es de investimento diferenciadas durante a feira<\/p>\n\n\n\n<p><strong>SERVI\u00c7O:<\/strong><\/p>\n\n\n\n<p><strong>O qu\u00ea?<\/strong>&nbsp;Focker Festival<br><strong>Quando?<\/strong>&nbsp;Dia 24 a 26 de maio 10h \u00e0s 19h<br><strong>Onde?<\/strong>&nbsp;Dias 24 e 26 no Yate Clube Imperatriz | Av. Ribamar Fiquene, 464 \u2013 Leandra &#8211; Imperatriz \u2013 MA. Dia 25 na Praia do Amor<br><strong>Quanto?<\/strong>&nbsp;Gratuito<\/p>\n\n\n\n<p><strong>Sobre a Fibrafort<\/strong><\/p>\n\n\n\n<p>Considerada uma das maiores fabricantes de barcos da Am\u00e9rica Latina, a Fibrafort foi fundada h\u00e1 mais de 33 anos na cidade catarinense de Itaja\u00ed, polo n\u00e1utico brasileiro, e j\u00e1 possui mais de 18 mil barcos entregues no mundo. Produz a conceituada linha de lanchas Focker, modelos de embarca\u00e7\u00f5es premiados e de alta qualidade, com dimens\u00f5es que variam entre 18 e 42 p\u00e9s. S\u00e3o indicadas para a navega\u00e7\u00e3o e divers\u00e3o em fam\u00edlia. Design inovador, beleza, praticidade e conforto, acabamentos para garantir durabilidade e menos ru\u00eddo, al\u00e9m de alta performance, estabilidade e manobrabilidade durante a navega\u00e7\u00e3o s\u00e3o algumas das caracter\u00edsticas inconfund\u00edveis da marca que segue rigorosas normas internacionais de seguran\u00e7a.<\/p>\n\n\n\n<p><a href=\"https:\/\/www.fibrafort.com.br\/pt\">https:\/\/www.fibrafort.com.br\/pt<\/a><\/p>\n","protected":false},"excerpt":{"rendered":"<p>Sete lanchas\u00a0ideais para navega\u00e7\u00e3o em mares, lagos, rios e represas, de 21 a 42 p\u00e9s, ser\u00e3o apresentadas neste final de semana de 24 a 26 de maio,\u00a0em Imperatriz (MA) durante o Focker Festival.\u00a0 Com a maior diversidade de ecossistemas do pa\u00eds e uma extens\u00e3o de 640 km de litoral, incluindo praias, rios, mangues e lagoas, [&hellip;]<\/p>\n","protected":false},"author":2,"featured_media":2038,"comment_status":"open","ping_status":"open","sticky":false,"template":"","format":"standard","meta":{"footnotes":""},"categories":[23],"tags":[],"class_list":{"0":"post-2037","1":"post","2":"type-post","3":"status-publish","4":"format-standard","5":"has-post-thumbnail","7":"category-feirasdenegocios"},"_links":{"self":[{"href":"https:\/\/tveventos.tv.br\/index.php?rest_route=\/wp\/v2\/posts\/2037","targetHints":{"allow":["GET"]}}],"collection":[{"href":"https:\/\/tveventos.tv.br\/index.php?rest_route=\/wp\/v2\/posts"}],"about":[{"href":"https:\/\/tveventos.tv.br\/index.php?rest_route=\/wp\/v2\/types\/post"}],"author":[{"embeddable":true,"href":"https:\/\/tveventos.tv.br\/index.php?rest_route=\/wp\/v2\/users\/2"}],"replies":[{"embeddable":true,"href":"https:\/\/tveventos.tv.br\/index.php?rest_route=%2Fwp%2Fv2%2Fcomments&post=2037"}],"version-history":[{"count":1,"href":"https:\/\/tveventos.tv.br\/index.php?rest_route=\/wp\/v2\/posts\/2037\/revisions"}],"predecessor-version":[{"id":2039,"href":"https:\/\/tveventos.tv.br\/index.php?rest_route=\/wp\/v2\/posts\/2037\/revisions\/2039"}],"wp:featuredmedia":[{"embeddable":true,"href":"https:\/\/tveventos.tv.br\/index.php?rest_route=\/wp\/v2\/media\/2038"}],"wp:attachment":[{"href":"https:\/\/tveventos.tv.br\/index.php?rest_route=%2Fwp%2Fv2%2Fmedia&parent=2037"}],"wp:term":[{"taxonomy":"category","embeddable":true,"href":"https:\/\/tveventos.tv.br\/index.php?rest_route=%2Fwp%2Fv2%2Fcategories&post=2037"},{"taxonomy":"post_tag","embeddable":true,"href":"https:\/\/tveventos.tv.br\/index.php?rest_route=%2Fwp%2Fv2%2Ftags&post=2037"}],"curies":[{"name":"wp","href":"https:\/\/api.w.org\/{rel}","templated":true}]}}