{"id":2044,"date":"2024-05-23T11:16:01","date_gmt":"2024-05-23T14:16:01","guid":{"rendered":"https:\/\/tveventos.tv.br\/?p=2044"},"modified":"2024-05-23T11:16:05","modified_gmt":"2024-05-23T14:16:05","slug":"marcelo-schulman-socio-fundador-da-vita-derm-da-palestra-exclusiva-e-gratuita-na-36a-edicao-do-congresso-brasileiro-de-cosmetologia","status":"publish","type":"post","link":"https:\/\/tveventos.tv.br\/?p=2044","title":{"rendered":"Marcelo Schulman, s\u00f3cio fundador da Vita Derm, da Palestra exclusiva e gratuita, na 36\u00aa Edi\u00e7\u00e3o do Congresso Brasileiro de Cosmetologia"},"content":{"rendered":"\n<p class=\"has-text-align-center\"><em>O professor , que tamb\u00e9m \u00e9 presidente do ISIC (Instituto Schulman de Investiga\u00e7\u00e3o Cient\u00edfica) estar\u00e1 no evento compartilhando parte de sua experi\u00eancia de 40 anos de mercado e Academia<\/em><\/p>\n\n\n\n<p>A 36\u00aa edi\u00e7\u00e3o do Congresso Brasileiro de Cosmetologia est\u00e1 se aproximando e traz consigo uma oportunidade \u00fanica para profissionais e estudantes do setor. Entre os dias 04 a 06 de junho, no Expo S\u00e3o Paulo, Espa\u00e7o de Eventos da FCE Cosmetique, os participantes ter\u00e3o acesso a uma palestra exclusiva e gratuita, conduzida por Schulman Marcelo, renomado s\u00f3cio fundador da Vita Derm Hipoalerg\u00eanica e Presidente do ISIC (Instituto Schulman de Investiga\u00e7\u00e3o Cient\u00edfica).<\/p>\n\n\n\n<p>O destaque deste ano \u00e9 a oferta de inscri\u00e7\u00e3o gratuita para a palestra, que ir\u00e1 acontecer na quarta-feira, 05\/06, \u00e0s 13h20, proporcionando uma oportunidade imperd\u00edvel para a comunidade acad\u00eamica e profissional se reunir e debater sobre as \u00faltimas tend\u00eancias e descobertas no campo da cosmetologia.<\/p>\n\n\n\n<p>O Congresso Brasileiro de Cosmetologia \u00e9 reconhecido como o \u00fanico evento do setor no Brasil que re\u00fane os principais fomentadores de pesquisas do pa\u00eds, incluindo ind\u00fastrias de produto acabado, fornecedores de insumos e servi\u00e7os, bem como institui\u00e7\u00f5es e universidades. Durante tr\u00eas dias intensos, os participantes ter\u00e3o acesso a apresenta\u00e7\u00f5es de trabalhos t\u00e9cnico-cient\u00edficos em forma de e-poster, al\u00e9m de palestras e debates com expoentes da ci\u00eancia cosm\u00e9tica nacional e internacional.<\/p>\n\n\n\n<p>Destinado a pesquisadores, profissionais de marketing, professores, alunos da \u00e1rea cosm\u00e9tica e afins, o Congresso oferece conte\u00fado inteligente, abordando tanto aspectos cient\u00edficos quanto mercadol\u00f3gicos de maneira objetiva. Os participantes ter\u00e3o a oportunidade de aprender com cases do dia a dia da ind\u00fastria, visando aplicar o conhecimento adquirido de forma f\u00e1cil e eficiente em suas atividades di\u00e1rias.<\/p>\n\n\n\n<p>Al\u00e9m disso, a credibilidade do evento \u00e9 respaldada pela organiza\u00e7\u00e3o da entidade cient\u00edfica que h\u00e1 mais de 50 anos trabalha para destacar a cosmetologia brasileira no cen\u00e1rio internacional. Os participantes receber\u00e3o certificados emitidos pela Associa\u00e7\u00e3o Brasileira de Cosmetologia, refor\u00e7ando o valor e o reconhecimento das experi\u00eancias e aprendizados adquiridos durante o Congresso.<\/p>\n\n\n\n<p>Para garantir sua participa\u00e7\u00e3o nesta experi\u00eancia enriquecedora, inscreva-se agora mesmo atrav\u00e9s do&nbsp;<a href=\"https:\/\/www.casadacosmetologia.com.br\/eventos\/congresso-cosmetologia\" target=\"_blank\" rel=\"noreferrer noopener\">site oficial do evento<\/a>. As vagas s\u00e3o limitadas, portanto, n\u00e3o perca esta oportunidade de atualiza\u00e7\u00e3o profissional e networking no 36\u00b0 Congresso Brasileiro de Cosmetologia.<\/p>\n\n\n\n<p><strong>Sobre o Congresso Brasileiro de Cosmetologia<\/strong><\/p>\n\n\n\n<p>O Congresso Brasileiro de Cosmetologia \u00e9 o principal evento do setor no Brasil, promovido pela Associa\u00e7\u00e3o Brasileira de Cosmetologia (ABC). Com mais de 50 anos de hist\u00f3ria, o Congresso tem como objetivo promover o desenvolvimento cient\u00edfico e tecnol\u00f3gico da cosmetologia nacional, reunindo profissionais e acad\u00eamicos para discutir as mais recentes tend\u00eancias e descobertas na \u00e1rea.<\/p>\n\n\n\n<p>O evento \u00e9 uma realiza\u00e7\u00e3o da ABC, sob coordena\u00e7\u00e3o de&nbsp;<a href=\"https:\/\/www.linkedin.com\/in\/silas-arandas-9b738338\/\" target=\"_blank\" rel=\"noreferrer noopener\">Silas Arandas<\/a>&nbsp;e&nbsp;<a href=\"https:\/\/www.linkedin.com\/in\/alineipventura\/\" target=\"_blank\" rel=\"noreferrer noopener\">Aline Isis P. Ventura<\/a>&nbsp;com um seleto grupo de parceiros e apoiadores do desenvolvimento cient\u00edfico cosm\u00e9tico nacional, s\u00e3o eles:<br><br>Host:&nbsp;<a href=\"https:\/\/www.linkedin.com\/company\/grupo-ipclin\/\" target=\"_blank\" rel=\"noreferrer noopener\">Grupo Ipclin<\/a><br>Parceria | Evento Simult\u00e2neo:&nbsp;<a href=\"https:\/\/www.linkedin.com\/company\/fce-cosmetique\/\" target=\"_blank\" rel=\"noreferrer noopener\">FCE Cosmetique<\/a>&nbsp;e&nbsp;<a href=\"https:\/\/www.linkedin.com\/company\/nm-brasil\/\" target=\"_blank\" rel=\"noreferrer noopener\">N\u00fcrnbergMesse Brasil<\/a><br>Benfeitor ABC 2024:&nbsp;<a href=\"https:\/\/www.linkedin.com\/company\/vollmens\/\" target=\"_blank\" rel=\"noreferrer noopener\">Vollmens<\/a><br>Conte\u00fado Cient\u00edfico:&nbsp;<a href=\"https:\/\/www.linkedin.com\/company\/cargill-beauty\/\" target=\"_blank\" rel=\"noreferrer noopener\">Cargill Beauty<\/a>,&nbsp;<a href=\"https:\/\/www.linkedin.com\/company\/dsm-firmenich\/\" target=\"_blank\" rel=\"noreferrer noopener\">dsm-firmenich<\/a>&nbsp;e&nbsp;<a href=\"https:\/\/www.linkedin.com\/company\/solabia-brasil\/\" target=\"_blank\" rel=\"noreferrer noopener\">Solabia Brasil<\/a><br>Pr\u00eamio Luiz Gustavo de Biodiversidade:&nbsp;<a href=\"https:\/\/www.linkedin.com\/company\/marinelloadvogados\/\" target=\"_blank\" rel=\"noreferrer noopener\">Marinello Advogados<\/a><br>Parceria Bolsas Congressistas:&nbsp;<a href=\"https:\/\/www.linkedin.com\/company\/jagb-confeccoes-e-brindes-promocionais\/\" target=\"_blank\" rel=\"noreferrer noopener\">Jagb Confec\u00e7\u00f5es e Promo Brindes<\/a><br>Parceria:&nbsp;<a href=\"https:\/\/www.linkedin.com\/in\/linusrh\/\" target=\"_blank\" rel=\"noreferrer noopener\">Linus Estrat\u00e9gia em RH<\/a><br>Apoio:&nbsp;<a href=\"https:\/\/www.linkedin.com\/company\/la-os-e-solu-es-tekart-s\/\" target=\"_blank\" rel=\"noreferrer noopener\">Tekart&#8217;s &#8211; La\u00e7os e Solu\u00e7\u00f5es<\/a>&nbsp;e&nbsp;<a href=\"https:\/\/www.linkedin.com\/company\/mintel\/\" target=\"_blank\" rel=\"noreferrer noopener\">Mintel<\/a><\/p>\n\n\n\n<p><strong>SERVI\u00c7O<\/strong><\/p>\n\n\n\n<p><strong>O qu\u00ea:&nbsp;<\/strong>palestra exclusiva e gratuita, conduzida por Schulman Marcelo, renomado s\u00f3cio fundador da Vita Derm Hipoalerg\u00eanica e Presidente do ISIC (Instituto Schulman de Investiga\u00e7\u00e3o Cient\u00edfica),&nbsp;<\/p>\n\n\n\n<p><strong>Onde:&nbsp;<\/strong>36\u00aa edi\u00e7\u00e3o do Congresso Brasileiro de Cosmetologia &#8211; Expo S\u00e3o Paulo, Espa\u00e7o de Eventos da FCE Cosmetique.<\/p>\n\n\n\n<p><strong>Quando:<\/strong>&nbsp;quarta-feira, dia 05 de junho, \u00e0s 13h20.<\/p>\n\n\n\n<p><strong>Como:<\/strong>\u00a0incri\u00e7\u00f5es atrav\u00e9s do\u00a0<a href=\"https:\/\/www.casadacosmetologia.com.br\/eventos\/congresso-cosmetologia\" target=\"_blank\" rel=\"noreferrer noopener\">site oficial do evento<\/a>. <strong>As vagas s\u00e3o limitadas<\/strong><\/p>\n","protected":false},"excerpt":{"rendered":"<p>O professor , que tamb\u00e9m \u00e9 presidente do ISIC (Instituto Schulman de Investiga\u00e7\u00e3o Cient\u00edfica) estar\u00e1 no evento compartilhando parte de sua experi\u00eancia de 40 anos de mercado e Academia A 36\u00aa edi\u00e7\u00e3o do Congresso Brasileiro de Cosmetologia est\u00e1 se aproximando e traz consigo uma oportunidade \u00fanica para profissionais e estudantes do setor. Entre os dias [&hellip;]<\/p>\n","protected":false},"author":2,"featured_media":2045,"comment_status":"open","ping_status":"open","sticky":false,"template":"","format":"standard","meta":{"footnotes":""},"categories":[1],"tags":[],"class_list":{"0":"post-2044","1":"post","2":"type-post","3":"status-publish","4":"format-standard","5":"has-post-thumbnail","7":"category-workshopsepalestras"},"_links":{"self":[{"href":"https:\/\/tveventos.tv.br\/index.php?rest_route=\/wp\/v2\/posts\/2044","targetHints":{"allow":["GET"]}}],"collection":[{"href":"https:\/\/tveventos.tv.br\/index.php?rest_route=\/wp\/v2\/posts"}],"about":[{"href":"https:\/\/tveventos.tv.br\/index.php?rest_route=\/wp\/v2\/types\/post"}],"author":[{"embeddable":true,"href":"https:\/\/tveventos.tv.br\/index.php?rest_route=\/wp\/v2\/users\/2"}],"replies":[{"embeddable":true,"href":"https:\/\/tveventos.tv.br\/index.php?rest_route=%2Fwp%2Fv2%2Fcomments&post=2044"}],"version-history":[{"count":1,"href":"https:\/\/tveventos.tv.br\/index.php?rest_route=\/wp\/v2\/posts\/2044\/revisions"}],"predecessor-version":[{"id":2046,"href":"https:\/\/tveventos.tv.br\/index.php?rest_route=\/wp\/v2\/posts\/2044\/revisions\/2046"}],"wp:featuredmedia":[{"embeddable":true,"href":"https:\/\/tveventos.tv.br\/index.php?rest_route=\/wp\/v2\/media\/2045"}],"wp:attachment":[{"href":"https:\/\/tveventos.tv.br\/index.php?rest_route=%2Fwp%2Fv2%2Fmedia&parent=2044"}],"wp:term":[{"taxonomy":"category","embeddable":true,"href":"https:\/\/tveventos.tv.br\/index.php?rest_route=%2Fwp%2Fv2%2Fcategories&post=2044"},{"taxonomy":"post_tag","embeddable":true,"href":"https:\/\/tveventos.tv.br\/index.php?rest_route=%2Fwp%2Fv2%2Ftags&post=2044"}],"curies":[{"name":"wp","href":"https:\/\/api.w.org\/{rel}","templated":true}]}}