{"id":2047,"date":"2024-05-23T11:18:44","date_gmt":"2024-05-23T14:18:44","guid":{"rendered":"https:\/\/tveventos.tv.br\/?p=2047"},"modified":"2024-05-23T11:18:47","modified_gmt":"2024-05-23T14:18:47","slug":"rooftop-e-nova-aposta-para-eventos-no-wz-hotel-jardins","status":"publish","type":"post","link":"https:\/\/tveventos.tv.br\/?p=2047","title":{"rendered":"Rooftop \u00e9 nova aposta para eventos no WZ Hotel Jardins"},"content":{"rendered":"\n<p><\/p>\n\n\n\n<p>Em S\u00e3o Paulo, o WZ Hotel Jardins tem agora mais um espa\u00e7o para eventos sociais e corporativos em seu portf\u00f3lio. \u00c9 o rooftop do edif\u00edcio, que passa a receber eventos organizados pela equipe do WZ Hotel Jardins. \u201cDesde o servi\u00e7o de coquetel corporativo at\u00e9 um casamento ou anivers\u00e1rio, n\u00f3s conseguimos atender neste espa\u00e7o\u201d, conta Leonardo Sousa, supervisor de Eventos do WZ Hotel Jardins.<\/p>\n\n\n\n<p>Localizado no 26\u00ba andar, o rooftop \u00e9 cercado por grandes janelas, que garantem uma vista privilegiada do skyline de S\u00e3o Paulo. A estrutura para eventos \u00e9 completa, com foyer, lounges, cozinha, banheiros e bar, al\u00e9m de decora\u00e7\u00e3o contempor\u00e2nea e equipamentos de \u00faltima gera\u00e7\u00e3o. Para eventos operados pelo WZ Hotel Jardins, a montagem do espa\u00e7o, a oferta gastron\u00f4mica e o suporte t\u00e9cnico s\u00e3o de responsabilidade da equipe especializada do hotel.<\/p>\n\n\n\n<p>O rooftop vem complementar a oferta de eventos do WZ Hotel Jardins, que j\u00e1 conta com Centro de Conven\u00e7\u00f5es formado por oito salas, com capacidade para mais de 250 pessoas em audit\u00f3rio. Para Leonardo Sousa, um dos diferenciais do hotel \u00e9 ter uma din\u00e2mica comercial mais \u00e1gil e flex\u00edvel, com uma equipe comprometida em atender todas as necessidades do cliente.<\/p>\n\n\n\n<p>O WZ Hotel Jardins tem servi\u00e7o pr\u00f3prio de A&amp;B, com op\u00e7\u00e3o de buffet para almo\u00e7o e jantar, al\u00e9m de coffee break, happy hour e coquetel. O card\u00e1pio pode incluir tamb\u00e9m itens veganos, vegetarianos e para intoler\u00e2ncias alimentares. Al\u00e9m disso, o hotel oferece wi-fi gratuito em todas as suas depend\u00eancias e estacionamento com manobrista.<\/p>\n\n\n\n<p>\u00danico hotel independente da regi\u00e3o, o WZ Hotel Jardins tem localiza\u00e7\u00e3o privilegiada na Avenida Rebou\u00e7as, a poucos metros da esta\u00e7\u00e3o Oscar Freire do metr\u00f4 (Linha 4 &#8211; Amarela) e pr\u00f3ximo aos centros empresariais da Avenida Paulista e da Faria Lima.<\/p>\n\n\n\n<p><strong>WZ Hotel Jardins<\/strong><\/p>\n\n\n\n<p>Avenida Rebou\u00e7as, 955 (entre Rua Oscar Freire e Alameda Lorena) \u2013 S\u00e3o Paulo\/SP<\/p>\n\n\n\n<p>Telefones: (11) 3069-0000 \/ 0800-129422 \/ (11) 3069-0015 (Whatsapp)<\/p>\n\n\n\n<p>Mais informa\u00e7\u00f5es em:&nbsp;<a href=\"http:\/\/www.wzhoteljardins.com.br\/\" target=\"_blank\" rel=\"noreferrer noopener\">wzhoteljardins.com.br<\/a><\/p>\n","protected":false},"excerpt":{"rendered":"<p>Em S\u00e3o Paulo, o WZ Hotel Jardins tem agora mais um espa\u00e7o para eventos sociais e corporativos em seu portf\u00f3lio. \u00c9 o rooftop do edif\u00edcio, que passa a receber eventos organizados pela equipe do WZ Hotel Jardins. \u201cDesde o servi\u00e7o de coquetel corporativo at\u00e9 um casamento ou anivers\u00e1rio, n\u00f3s conseguimos atender neste espa\u00e7o\u201d, conta Leonardo [&hellip;]<\/p>\n","protected":false},"author":2,"featured_media":2048,"comment_status":"open","ping_status":"open","sticky":false,"template":"","format":"standard","meta":{"footnotes":""},"categories":[23],"tags":[],"class_list":{"0":"post-2047","1":"post","2":"type-post","3":"status-publish","4":"format-standard","5":"has-post-thumbnail","7":"category-feirasdenegocios"},"_links":{"self":[{"href":"https:\/\/tveventos.tv.br\/index.php?rest_route=\/wp\/v2\/posts\/2047","targetHints":{"allow":["GET"]}}],"collection":[{"href":"https:\/\/tveventos.tv.br\/index.php?rest_route=\/wp\/v2\/posts"}],"about":[{"href":"https:\/\/tveventos.tv.br\/index.php?rest_route=\/wp\/v2\/types\/post"}],"author":[{"embeddable":true,"href":"https:\/\/tveventos.tv.br\/index.php?rest_route=\/wp\/v2\/users\/2"}],"replies":[{"embeddable":true,"href":"https:\/\/tveventos.tv.br\/index.php?rest_route=%2Fwp%2Fv2%2Fcomments&post=2047"}],"version-history":[{"count":1,"href":"https:\/\/tveventos.tv.br\/index.php?rest_route=\/wp\/v2\/posts\/2047\/revisions"}],"predecessor-version":[{"id":2049,"href":"https:\/\/tveventos.tv.br\/index.php?rest_route=\/wp\/v2\/posts\/2047\/revisions\/2049"}],"wp:featuredmedia":[{"embeddable":true,"href":"https:\/\/tveventos.tv.br\/index.php?rest_route=\/wp\/v2\/media\/2048"}],"wp:attachment":[{"href":"https:\/\/tveventos.tv.br\/index.php?rest_route=%2Fwp%2Fv2%2Fmedia&parent=2047"}],"wp:term":[{"taxonomy":"category","embeddable":true,"href":"https:\/\/tveventos.tv.br\/index.php?rest_route=%2Fwp%2Fv2%2Fcategories&post=2047"},{"taxonomy":"post_tag","embeddable":true,"href":"https:\/\/tveventos.tv.br\/index.php?rest_route=%2Fwp%2Fv2%2Ftags&post=2047"}],"curies":[{"name":"wp","href":"https:\/\/api.w.org\/{rel}","templated":true}]}}