{"id":2051,"date":"2024-05-23T13:59:27","date_gmt":"2024-05-23T16:59:27","guid":{"rendered":"https:\/\/tveventos.tv.br\/?p=2051"},"modified":"2024-05-23T13:59:29","modified_gmt":"2024-05-23T16:59:29","slug":"diversao-offline","status":"publish","type":"post","link":"https:\/\/tveventos.tv.br\/?p=2051","title":{"rendered":"Divers\u00e3o Offline"},"content":{"rendered":"\n<p>Surgiu em 2015, com o objetivo de acompanhar o grande movimento do mercado nacional de jogos e entretenimento! A iniciativa nasceu tamb\u00e9m do desejo pessoal dos idealizadores de criar um ambiente atrativo, confort\u00e1vel e de qualidade para os f\u00e3s de jogos e apaixonados pela cultura nerd.<\/p>\n\n\n\n<p>Atualmente, gerenciada pela produtora <a href=\"https:\/\/www.linkedin.com\/in\/fernandasereno\/\">FS Produ\u00e7\u00e3o e Marketing<\/a> a feira \u00e9 a maior do segmento na Am\u00e9rica Latina e comandada por uma mulher.<\/p>\n\n\n\n<p>Junte-se a n\u00f3s, nos dias 01 e 02 de Junho das 10h \u00e0s 20h no Pro Magno.<\/p>\n\n\n\n<p>Endere\u00e7o: Avenida Professora Ida Kolb &#8211; 513 &#8211; Jardim das Laranjeiras &#8211; S\u00e3o Paulo.<\/p>\n","protected":false},"excerpt":{"rendered":"<p>Surgiu em 2015, com o objetivo de acompanhar o grande movimento do mercado nacional de jogos e entretenimento! A iniciativa nasceu tamb\u00e9m do desejo pessoal dos idealizadores de criar um ambiente atrativo, confort\u00e1vel e de qualidade para os f\u00e3s de jogos e apaixonados pela cultura nerd. Atualmente, gerenciada pela produtora FS Produ\u00e7\u00e3o e Marketing a [&hellip;]<\/p>\n","protected":false},"author":3,"featured_media":2052,"comment_status":"open","ping_status":"open","sticky":false,"template":"","format":"standard","meta":{"footnotes":""},"categories":[25],"tags":[],"class_list":{"0":"post-2051","1":"post","2":"type-post","3":"status-publish","4":"format-standard","5":"has-post-thumbnail","7":"category-calendariodeeventos"},"_links":{"self":[{"href":"https:\/\/tveventos.tv.br\/index.php?rest_route=\/wp\/v2\/posts\/2051","targetHints":{"allow":["GET"]}}],"collection":[{"href":"https:\/\/tveventos.tv.br\/index.php?rest_route=\/wp\/v2\/posts"}],"about":[{"href":"https:\/\/tveventos.tv.br\/index.php?rest_route=\/wp\/v2\/types\/post"}],"author":[{"embeddable":true,"href":"https:\/\/tveventos.tv.br\/index.php?rest_route=\/wp\/v2\/users\/3"}],"replies":[{"embeddable":true,"href":"https:\/\/tveventos.tv.br\/index.php?rest_route=%2Fwp%2Fv2%2Fcomments&post=2051"}],"version-history":[{"count":1,"href":"https:\/\/tveventos.tv.br\/index.php?rest_route=\/wp\/v2\/posts\/2051\/revisions"}],"predecessor-version":[{"id":2053,"href":"https:\/\/tveventos.tv.br\/index.php?rest_route=\/wp\/v2\/posts\/2051\/revisions\/2053"}],"wp:featuredmedia":[{"embeddable":true,"href":"https:\/\/tveventos.tv.br\/index.php?rest_route=\/wp\/v2\/media\/2052"}],"wp:attachment":[{"href":"https:\/\/tveventos.tv.br\/index.php?rest_route=%2Fwp%2Fv2%2Fmedia&parent=2051"}],"wp:term":[{"taxonomy":"category","embeddable":true,"href":"https:\/\/tveventos.tv.br\/index.php?rest_route=%2Fwp%2Fv2%2Fcategories&post=2051"},{"taxonomy":"post_tag","embeddable":true,"href":"https:\/\/tveventos.tv.br\/index.php?rest_route=%2Fwp%2Fv2%2Ftags&post=2051"}],"curies":[{"name":"wp","href":"https:\/\/api.w.org\/{rel}","templated":true}]}}