{"id":2057,"date":"2024-05-23T14:03:15","date_gmt":"2024-05-23T17:03:15","guid":{"rendered":"https:\/\/tveventos.tv.br\/?p=2057"},"modified":"2024-05-23T14:03:17","modified_gmt":"2024-05-23T17:03:17","slug":"exposec","status":"publish","type":"post","link":"https:\/\/tveventos.tv.br\/?p=2057","title":{"rendered":"Exposec"},"content":{"rendered":"\n<p>Organizada pela Fiera Milano Brasil e realizada pela ABESE (Associa\u00e7\u00e3o Brasileira das Empresas de Sistemas Eletr\u00f4nicos de Seguran\u00e7a), a Exposec | Feira Internacional de Seguran\u00e7a \u00e9 o \u00fanico evento do Brasil a congregar as mais recentes tecnologias, produtos e servi\u00e7os para o setor de SEGURAN\u00c7A, al\u00e9m de atrair compradores, nacionais e internacionais, de toda a cadeia produtiva em uma \u00e1rea de 40 mil m\u00b2 proporcionando o ambiente prop\u00edcio para a gera\u00e7\u00e3o de neg\u00f3cios e networking.<\/p>\n\n\n\n<p>Junte-se a n\u00f3s, nos dias 04 \u00e0 06 de Junho das 13h \u00e0s 20h no S\u00e3o Paulo Expo.<\/p>\n\n\n\n<p>Endere\u00e7o: Rodovia dos Imigrantes, km 1,5, Jabaquara, S\u00e3o Paulo.<\/p>\n","protected":false},"excerpt":{"rendered":"<p>Organizada pela Fiera Milano Brasil e realizada pela ABESE (Associa\u00e7\u00e3o Brasileira das Empresas de Sistemas Eletr\u00f4nicos de Seguran\u00e7a), a Exposec | Feira Internacional de Seguran\u00e7a \u00e9 o \u00fanico evento do Brasil a congregar as mais recentes tecnologias, produtos e servi\u00e7os para o setor de SEGURAN\u00c7A, al\u00e9m de atrair compradores, nacionais e internacionais, de toda a [&hellip;]<\/p>\n","protected":false},"author":3,"featured_media":2058,"comment_status":"open","ping_status":"open","sticky":false,"template":"","format":"standard","meta":{"footnotes":""},"categories":[25],"tags":[],"class_list":{"0":"post-2057","1":"post","2":"type-post","3":"status-publish","4":"format-standard","5":"has-post-thumbnail","7":"category-calendariodeeventos"},"_links":{"self":[{"href":"https:\/\/tveventos.tv.br\/index.php?rest_route=\/wp\/v2\/posts\/2057","targetHints":{"allow":["GET"]}}],"collection":[{"href":"https:\/\/tveventos.tv.br\/index.php?rest_route=\/wp\/v2\/posts"}],"about":[{"href":"https:\/\/tveventos.tv.br\/index.php?rest_route=\/wp\/v2\/types\/post"}],"author":[{"embeddable":true,"href":"https:\/\/tveventos.tv.br\/index.php?rest_route=\/wp\/v2\/users\/3"}],"replies":[{"embeddable":true,"href":"https:\/\/tveventos.tv.br\/index.php?rest_route=%2Fwp%2Fv2%2Fcomments&post=2057"}],"version-history":[{"count":1,"href":"https:\/\/tveventos.tv.br\/index.php?rest_route=\/wp\/v2\/posts\/2057\/revisions"}],"predecessor-version":[{"id":2059,"href":"https:\/\/tveventos.tv.br\/index.php?rest_route=\/wp\/v2\/posts\/2057\/revisions\/2059"}],"wp:featuredmedia":[{"embeddable":true,"href":"https:\/\/tveventos.tv.br\/index.php?rest_route=\/wp\/v2\/media\/2058"}],"wp:attachment":[{"href":"https:\/\/tveventos.tv.br\/index.php?rest_route=%2Fwp%2Fv2%2Fmedia&parent=2057"}],"wp:term":[{"taxonomy":"category","embeddable":true,"href":"https:\/\/tveventos.tv.br\/index.php?rest_route=%2Fwp%2Fv2%2Fcategories&post=2057"},{"taxonomy":"post_tag","embeddable":true,"href":"https:\/\/tveventos.tv.br\/index.php?rest_route=%2Fwp%2Fv2%2Ftags&post=2057"}],"curies":[{"name":"wp","href":"https:\/\/api.w.org\/{rel}","templated":true}]}}