{"id":2063,"date":"2024-05-23T14:10:45","date_gmt":"2024-05-23T17:10:45","guid":{"rendered":"https:\/\/tveventos.tv.br\/?p=2063"},"modified":"2024-05-23T14:10:48","modified_gmt":"2024-05-23T17:10:48","slug":"expo-infrafm","status":"publish","type":"post","link":"https:\/\/tveventos.tv.br\/?p=2063","title":{"rendered":"Expo InfraFM"},"content":{"rendered":"\n<p>Em um mundo que n\u00e3o para de evoluir, onde estar \u00e0 frente faz toda a diferen\u00e7a, apresentamos a 11\u00aa edi\u00e7\u00e3o da Expo InfraFM. Mergulhe no epicentro das solu\u00e7\u00f5es inovadoras, tend\u00eancias e tecnologias que est\u00e3o redefinindo o panorama de Facility, Property e Workplace Management.<\/p>\n\n\n\n<p>Junte-se a n\u00f3s, nos dias 04 e 05 de Junho das 09h \u00e0s 20h no Expo Center Norte.<\/p>\n\n\n\n<p>Endere\u00e7o: Rua Jos\u00e9 Bernardo Pinto, 333 &#8211; Vila Guilherme, S\u00e3o Paulo-SP<\/p>\n","protected":false},"excerpt":{"rendered":"<p>Em um mundo que n\u00e3o para de evoluir, onde estar \u00e0 frente faz toda a diferen\u00e7a, apresentamos a 11\u00aa edi\u00e7\u00e3o da Expo InfraFM. Mergulhe no epicentro das solu\u00e7\u00f5es inovadoras, tend\u00eancias e tecnologias que est\u00e3o redefinindo o panorama de Facility, Property e Workplace Management. Junte-se a n\u00f3s, nos dias 04 e 05 de Junho das 09h [&hellip;]<\/p>\n","protected":false},"author":3,"featured_media":2064,"comment_status":"open","ping_status":"open","sticky":false,"template":"","format":"standard","meta":{"footnotes":""},"categories":[25],"tags":[],"class_list":{"0":"post-2063","1":"post","2":"type-post","3":"status-publish","4":"format-standard","5":"has-post-thumbnail","7":"category-calendariodeeventos"},"_links":{"self":[{"href":"https:\/\/tveventos.tv.br\/index.php?rest_route=\/wp\/v2\/posts\/2063","targetHints":{"allow":["GET"]}}],"collection":[{"href":"https:\/\/tveventos.tv.br\/index.php?rest_route=\/wp\/v2\/posts"}],"about":[{"href":"https:\/\/tveventos.tv.br\/index.php?rest_route=\/wp\/v2\/types\/post"}],"author":[{"embeddable":true,"href":"https:\/\/tveventos.tv.br\/index.php?rest_route=\/wp\/v2\/users\/3"}],"replies":[{"embeddable":true,"href":"https:\/\/tveventos.tv.br\/index.php?rest_route=%2Fwp%2Fv2%2Fcomments&post=2063"}],"version-history":[{"count":1,"href":"https:\/\/tveventos.tv.br\/index.php?rest_route=\/wp\/v2\/posts\/2063\/revisions"}],"predecessor-version":[{"id":2065,"href":"https:\/\/tveventos.tv.br\/index.php?rest_route=\/wp\/v2\/posts\/2063\/revisions\/2065"}],"wp:featuredmedia":[{"embeddable":true,"href":"https:\/\/tveventos.tv.br\/index.php?rest_route=\/wp\/v2\/media\/2064"}],"wp:attachment":[{"href":"https:\/\/tveventos.tv.br\/index.php?rest_route=%2Fwp%2Fv2%2Fmedia&parent=2063"}],"wp:term":[{"taxonomy":"category","embeddable":true,"href":"https:\/\/tveventos.tv.br\/index.php?rest_route=%2Fwp%2Fv2%2Fcategories&post=2063"},{"taxonomy":"post_tag","embeddable":true,"href":"https:\/\/tveventos.tv.br\/index.php?rest_route=%2Fwp%2Fv2%2Ftags&post=2063"}],"curies":[{"name":"wp","href":"https:\/\/api.w.org\/{rel}","templated":true}]}}