{"id":2066,"date":"2024-05-23T14:14:25","date_gmt":"2024-05-23T17:14:25","guid":{"rendered":"https:\/\/tveventos.tv.br\/?p=2066"},"modified":"2024-05-23T14:14:27","modified_gmt":"2024-05-23T17:14:27","slug":"fenagra","status":"publish","type":"post","link":"https:\/\/tveventos.tv.br\/?p=2066","title":{"rendered":"FENAGRA"},"content":{"rendered":"\n<h3 class=\"wp-block-heading\">A Fenagra 2024 vai reunir profissionais respeitados e renomados do mercado para compartilhar suas opini\u00f5es e ideias em um ambiente de debates e experi\u00eancias.<\/h3>\n\n\n\n<p>Junte-se a n\u00f3s, nos dias 05 e 06 de Junho das 10h \u00e0s 19h no Distrito Anhembi.<\/p>\n\n\n\n<p>Endere\u00e7o:&nbsp; R. Prof. Milton Rodrigues, s\/n &#8211; Santana, S\u00e3o Paulo &#8211; SP<\/p>\n","protected":false},"excerpt":{"rendered":"<p>A Fenagra 2024 vai reunir profissionais respeitados e renomados do mercado para compartilhar suas opini\u00f5es e ideias em um ambiente de debates e experi\u00eancias. Junte-se a n\u00f3s, nos dias 05 e 06 de Junho das 10h \u00e0s 19h no Distrito Anhembi. Endere\u00e7o:&nbsp; R. Prof. Milton Rodrigues, s\/n &#8211; Santana, S\u00e3o Paulo &#8211; SP<\/p>\n","protected":false},"author":3,"featured_media":2067,"comment_status":"open","ping_status":"open","sticky":false,"template":"","format":"standard","meta":{"footnotes":""},"categories":[25],"tags":[],"class_list":{"0":"post-2066","1":"post","2":"type-post","3":"status-publish","4":"format-standard","5":"has-post-thumbnail","7":"category-calendariodeeventos"},"_links":{"self":[{"href":"https:\/\/tveventos.tv.br\/index.php?rest_route=\/wp\/v2\/posts\/2066","targetHints":{"allow":["GET"]}}],"collection":[{"href":"https:\/\/tveventos.tv.br\/index.php?rest_route=\/wp\/v2\/posts"}],"about":[{"href":"https:\/\/tveventos.tv.br\/index.php?rest_route=\/wp\/v2\/types\/post"}],"author":[{"embeddable":true,"href":"https:\/\/tveventos.tv.br\/index.php?rest_route=\/wp\/v2\/users\/3"}],"replies":[{"embeddable":true,"href":"https:\/\/tveventos.tv.br\/index.php?rest_route=%2Fwp%2Fv2%2Fcomments&post=2066"}],"version-history":[{"count":1,"href":"https:\/\/tveventos.tv.br\/index.php?rest_route=\/wp\/v2\/posts\/2066\/revisions"}],"predecessor-version":[{"id":2068,"href":"https:\/\/tveventos.tv.br\/index.php?rest_route=\/wp\/v2\/posts\/2066\/revisions\/2068"}],"wp:featuredmedia":[{"embeddable":true,"href":"https:\/\/tveventos.tv.br\/index.php?rest_route=\/wp\/v2\/media\/2067"}],"wp:attachment":[{"href":"https:\/\/tveventos.tv.br\/index.php?rest_route=%2Fwp%2Fv2%2Fmedia&parent=2066"}],"wp:term":[{"taxonomy":"category","embeddable":true,"href":"https:\/\/tveventos.tv.br\/index.php?rest_route=%2Fwp%2Fv2%2Fcategories&post=2066"},{"taxonomy":"post_tag","embeddable":true,"href":"https:\/\/tveventos.tv.br\/index.php?rest_route=%2Fwp%2Fv2%2Ftags&post=2066"}],"curies":[{"name":"wp","href":"https:\/\/api.w.org\/{rel}","templated":true}]}}