{"id":2069,"date":"2024-05-23T14:16:46","date_gmt":"2024-05-23T17:16:46","guid":{"rendered":"https:\/\/tveventos.tv.br\/?p=2069"},"modified":"2024-05-23T14:16:53","modified_gmt":"2024-05-23T17:16:53","slug":"ebs","status":"publish","type":"post","link":"https:\/\/tveventos.tv.br\/?p=2069","title":{"rendered":"EBS"},"content":{"rendered":"\n<p>A 22a edi\u00e7\u00e3o da Feira EBS chega com muitas novidades, mantendo o objetivo de reunir toda a ind\u00fastria de eventos corporativos, incentivos, treinamentos, congressos e feiras. Clientes finais, ag\u00eancias e fornecedores de produtos e servi\u00e7os, todos em busca de conte\u00fado, networking qualificado e principalmente oportunidades de neg\u00f3cios.<\/p>\n\n\n\n<p>Junte-se a n\u00f3s, nos dias 05 e 06 de Junho das 13h30&nbsp; \u00e0s 19h no Centro de Conven\u00e7\u00f5es Rebou\u00e7as.<\/p>\n\n\n\n<p>Endere\u00e7o:Av. Rebou\u00e7as, 600 &#8211; Pinheiros, S\u00e3o Paulo &#8211; SP<\/p>\n","protected":false},"excerpt":{"rendered":"<p>A 22a edi\u00e7\u00e3o da Feira EBS chega com muitas novidades, mantendo o objetivo de reunir toda a ind\u00fastria de eventos corporativos, incentivos, treinamentos, congressos e feiras. Clientes finais, ag\u00eancias e fornecedores de produtos e servi\u00e7os, todos em busca de conte\u00fado, networking qualificado e principalmente oportunidades de neg\u00f3cios. Junte-se a n\u00f3s, nos dias 05 e 06 [&hellip;]<\/p>\n","protected":false},"author":3,"featured_media":2070,"comment_status":"open","ping_status":"open","sticky":false,"template":"","format":"standard","meta":{"footnotes":""},"categories":[25],"tags":[],"class_list":{"0":"post-2069","1":"post","2":"type-post","3":"status-publish","4":"format-standard","5":"has-post-thumbnail","7":"category-calendariodeeventos"},"_links":{"self":[{"href":"https:\/\/tveventos.tv.br\/index.php?rest_route=\/wp\/v2\/posts\/2069","targetHints":{"allow":["GET"]}}],"collection":[{"href":"https:\/\/tveventos.tv.br\/index.php?rest_route=\/wp\/v2\/posts"}],"about":[{"href":"https:\/\/tveventos.tv.br\/index.php?rest_route=\/wp\/v2\/types\/post"}],"author":[{"embeddable":true,"href":"https:\/\/tveventos.tv.br\/index.php?rest_route=\/wp\/v2\/users\/3"}],"replies":[{"embeddable":true,"href":"https:\/\/tveventos.tv.br\/index.php?rest_route=%2Fwp%2Fv2%2Fcomments&post=2069"}],"version-history":[{"count":1,"href":"https:\/\/tveventos.tv.br\/index.php?rest_route=\/wp\/v2\/posts\/2069\/revisions"}],"predecessor-version":[{"id":2071,"href":"https:\/\/tveventos.tv.br\/index.php?rest_route=\/wp\/v2\/posts\/2069\/revisions\/2071"}],"wp:featuredmedia":[{"embeddable":true,"href":"https:\/\/tveventos.tv.br\/index.php?rest_route=\/wp\/v2\/media\/2070"}],"wp:attachment":[{"href":"https:\/\/tveventos.tv.br\/index.php?rest_route=%2Fwp%2Fv2%2Fmedia&parent=2069"}],"wp:term":[{"taxonomy":"category","embeddable":true,"href":"https:\/\/tveventos.tv.br\/index.php?rest_route=%2Fwp%2Fv2%2Fcategories&post=2069"},{"taxonomy":"post_tag","embeddable":true,"href":"https:\/\/tveventos.tv.br\/index.php?rest_route=%2Fwp%2Fv2%2Ftags&post=2069"}],"curies":[{"name":"wp","href":"https:\/\/api.w.org\/{rel}","templated":true}]}}