{"id":2072,"date":"2024-05-23T14:27:34","date_gmt":"2024-05-23T17:27:34","guid":{"rendered":"https:\/\/tveventos.tv.br\/?p=2072"},"modified":"2024-05-23T14:27:37","modified_gmt":"2024-05-23T17:27:37","slug":"campinas-atrai-grandes-eventos-e-entra-na-rota-internacional","status":"publish","type":"post","link":"https:\/\/tveventos.tv.br\/?p=2072","title":{"rendered":"Campinas atrai grandes eventos e entra na rota internacional"},"content":{"rendered":"\n<p><em>Movimenta\u00e7\u00e3o da Capital para o interior paulista tem o munic\u00edpio como um dos maiores receptores no Estado; estrutura da cidade e complexos para a realiza\u00e7\u00e3o de eventos de grande porte s\u00e3o diferenciais<\/em><\/p>\n\n\n\n<p>O eixo dos grandes eventos se desloca para o interior paulista. A movimenta\u00e7\u00e3o da Capital para outras cidades \u00e9 impulsionada pela rede hoteleira, estruturas de alimenta\u00e7\u00e3o, sa\u00fade e servi\u00e7os. No caso espec\u00edfico de Campinas, apontada pelo setor como uma das maiores receptoras do Estado de S\u00e3o Paulo, a facilidade de acesso por rodovias importantes e pelo Aeroporto Internacional de Viracopos s\u00e3o diferenciais. O mercado ultra-aquecido desde o in\u00edcio do ano busca complexos com infraestrutura que atendam eventos para milhares de pessoas com comodidade, conectividade e seguran\u00e7a.<\/p>\n\n\n\n<p>Um dos maiores espa\u00e7os multiuso do interior de S\u00e3o Paulo, o Expo D. Pedro se destaca pela estrutura planejada para grandes eventos, como feiras, shows e congressos internacionais. \u201cDe 2022 para c\u00e1, o que temos constatado \u00e9 um ritmo ascendente de eventos de grande porte em nossa agenda\u201d, afirma Marceli Oliveira, superintendente do Complexo Expo D. Pedro. De acordo com a executiva, boa parte do calend\u00e1rio do espa\u00e7o em Campinas \u00e9 ocupada por eventos que v\u00eam da Capital e de outras localidades do Brasil.<\/p>\n\n\n\n<p>Segundo Marceli, a alta procura para a realiza\u00e7\u00e3o de eventos torna-se ainda mais atrativa pela localiza\u00e7\u00e3o do Complexo. \u201cEstamos no mesmo espa\u00e7o de um dos maiores shopping centers do Brasil e contamos com toda a estrutura de alimenta\u00e7\u00e3o, servi\u00e7os, estacionamento do centro de compras.\u201d<\/p>\n\n\n\n<p>Um dos grandes eventos do segundo trimestre de 2024 no Expo D. Pedro \u00e9 a 9\u00aa Confer\u00eancia Internacional de Direitos Humanos. O encontro ser\u00e1 realizado nos dias 23 e 24 de maio pela Comiss\u00e3o Nacional de Direitos Humanos do Conselho Federal da OAB, em parceria com a Seccional de S\u00e3o Paulo (OAB-SP). Com a expectativa de receber 2 mil participantes, a confer\u00eancia conta com in\u00fameros especialistas e presen\u00e7as confirmadas de Silvio Almeida, ministro dos Direitos Humanos e da Cidadania, e Patr\u00edcia Vanzolini, presidente da OAB-SP.<\/p>\n\n\n\n<p>A exemplo desta confer\u00eancia internacional, eventos de grande porte movimentam a economia do munic\u00edpio como um todo. \u201cNo Complexo, a infraestrutura robusta demanda m\u00e3o de obra e recursos que movimentam uma verdadeira cadeia de produ\u00e7\u00e3o e refletem a necessidade de criar e preencher postos de trabalho\u201d, afirma.<\/p>\n\n\n\n<p>Com dados do IBGE e do Minist\u00e9rio do Trabalho e Previd\u00eancia, levantamento da Associa\u00e7\u00e3o Brasileira dos Promotores de Eventos (Abrape) revela que o setor de eventos foi respons\u00e1vel por 55,8% a mais de contrata\u00e7\u00f5es em 2023 na compara\u00e7\u00e3o com o ano anterior, superando segmentos como constru\u00e7\u00e3o civil e servi\u00e7os. \u201cA contar pela movimenta\u00e7\u00e3o em nosso calend\u00e1rio, as perspectivas de crescimento na gera\u00e7\u00e3o de empregos em 2024 j\u00e1 se concretizam\u201d, destaca Marceli Oliveira.<\/p>\n\n\n\n<p><strong>O Complexo<\/strong><\/p>\n\n\n\n<p>Um dos maiores espa\u00e7os multiuso para eventos do interior de S\u00e3o Paulo, o Expo D. Pedro, localizado em Campinas (SP), tem estrutura planejada para feiras, reuni\u00f5es corporativas, religiosas, formaturas, palestras, congressos, confer\u00eancias internacionais e shows. O Complexo tamb\u00e9m ampliou sua atua\u00e7\u00e3o para a realiza\u00e7\u00e3o de casamentos.<\/p>\n\n\n\n<p>Os espa\u00e7os modulares no Centro de Conven\u00e7\u00f5es se adaptam a eventos de pequeno, m\u00e9dio e grande portes. O Centro de Exposi\u00e7\u00f5es tem 7 mil m2 de \u00e1rea totalmente horizontal.<\/p>\n\n\n\n<p>A versatilidade do espa\u00e7o, a seguran\u00e7a, a localiza\u00e7\u00e3o no Parque D. Pedro Shopping e a comodidade de acesso pela Rodovia D. Pedro I, s\u00e3o grandes atrativos do Complexo.<\/p>\n","protected":false},"excerpt":{"rendered":"<p>Movimenta\u00e7\u00e3o da Capital para o interior paulista tem o munic\u00edpio como um dos maiores receptores no Estado; estrutura da cidade e complexos para a realiza\u00e7\u00e3o de eventos de grande porte s\u00e3o diferenciais O eixo dos grandes eventos se desloca para o interior paulista. A movimenta\u00e7\u00e3o da Capital para outras cidades \u00e9 impulsionada pela rede hoteleira, [&hellip;]<\/p>\n","protected":false},"author":3,"featured_media":2073,"comment_status":"open","ping_status":"open","sticky":false,"template":"","format":"standard","meta":{"footnotes":""},"categories":[23],"tags":[],"class_list":{"0":"post-2072","1":"post","2":"type-post","3":"status-publish","4":"format-standard","5":"has-post-thumbnail","7":"category-feirasdenegocios"},"_links":{"self":[{"href":"https:\/\/tveventos.tv.br\/index.php?rest_route=\/wp\/v2\/posts\/2072","targetHints":{"allow":["GET"]}}],"collection":[{"href":"https:\/\/tveventos.tv.br\/index.php?rest_route=\/wp\/v2\/posts"}],"about":[{"href":"https:\/\/tveventos.tv.br\/index.php?rest_route=\/wp\/v2\/types\/post"}],"author":[{"embeddable":true,"href":"https:\/\/tveventos.tv.br\/index.php?rest_route=\/wp\/v2\/users\/3"}],"replies":[{"embeddable":true,"href":"https:\/\/tveventos.tv.br\/index.php?rest_route=%2Fwp%2Fv2%2Fcomments&post=2072"}],"version-history":[{"count":1,"href":"https:\/\/tveventos.tv.br\/index.php?rest_route=\/wp\/v2\/posts\/2072\/revisions"}],"predecessor-version":[{"id":2074,"href":"https:\/\/tveventos.tv.br\/index.php?rest_route=\/wp\/v2\/posts\/2072\/revisions\/2074"}],"wp:featuredmedia":[{"embeddable":true,"href":"https:\/\/tveventos.tv.br\/index.php?rest_route=\/wp\/v2\/media\/2073"}],"wp:attachment":[{"href":"https:\/\/tveventos.tv.br\/index.php?rest_route=%2Fwp%2Fv2%2Fmedia&parent=2072"}],"wp:term":[{"taxonomy":"category","embeddable":true,"href":"https:\/\/tveventos.tv.br\/index.php?rest_route=%2Fwp%2Fv2%2Fcategories&post=2072"},{"taxonomy":"post_tag","embeddable":true,"href":"https:\/\/tveventos.tv.br\/index.php?rest_route=%2Fwp%2Fv2%2Ftags&post=2072"}],"curies":[{"name":"wp","href":"https:\/\/api.w.org\/{rel}","templated":true}]}}