{"id":2075,"date":"2024-05-23T15:58:10","date_gmt":"2024-05-23T18:58:10","guid":{"rendered":"https:\/\/tveventos.tv.br\/?p=2075"},"modified":"2024-05-23T15:58:13","modified_gmt":"2024-05-23T18:58:13","slug":"premio-abilux-retorna-como-vitrine-da-criatividade-e-talento-brasileiros-em-iluminacao","status":"publish","type":"post","link":"https:\/\/tveventos.tv.br\/?p=2075","title":{"rendered":"Pr\u00eamio ABILUX retorna como vitrine da criatividade e talento brasileiros em ilumina\u00e7\u00e3o"},"content":{"rendered":"\n<p><em>Cada edi\u00e7\u00e3o revela como os profissionais do setor pensam inova\u00e7\u00e3o, trazendo pe\u00e7as que inspiram o mercado para solu\u00e7\u00f5es est\u00e9ticas, funcionais, eficientes e sustent\u00e1veis.<\/em><\/p>\n\n\n\n<p>Mais uma edi\u00e7\u00e3o do Pr\u00eamio ABILUX Design de Lumin\u00e1rias, organizado pela Associa\u00e7\u00e3o Brasileira da Ind\u00fastria de Ilumina\u00e7\u00e3o, integrar\u00e1 a Expolux. Considerado vitrine de profissionais brasileiros que pensam inova\u00e7\u00e3o de forma criativa, o Pr\u00eamio j\u00e1 est\u00e1 com inscri\u00e7\u00f5es abertas. Os vencedores estar\u00e3o expostos de 17 a 20 de setembro, no Expo Center Norte, em S\u00e3o Paulo, durante a<a href=\"https:\/\/www.expolux.com.br\/pt-br\/o-evento.html\"> Expolux<\/a>, \u00fanico evento voltado exclusivamente ao setor na Am\u00e9rica Latina.<\/p>\n\n\n\n<p>\u201cTradicionalmente, o Pr\u00eamio apresenta novas formas de se pensar ilumina\u00e7\u00e3o e isso n\u00e3o tem s\u00f3 a ver com a parte eletr\u00f4nica, mas, principalmente, com o design e funcionalidade de cada pe\u00e7a. Al\u00e9m disso, essas pe\u00e7as representam como os profissionais e a ind\u00fastria pensam o futuro, e est\u00e3o conectadas com as principais necessidades das pessoas e das empresas. Para a Expolux, \u00e9 uma honra impulsionar e apresentar essas inova\u00e7\u00f5es em mais uma edi\u00e7\u00e3o\u201d, diz Tatiana Rassini, gerente do evento.&nbsp;<\/p>\n\n\n\n<p><strong>Din\u00e2mica 2024<\/strong><\/p>\n\n\n\n<p>As categorias abrangem diferentes \u00e1reas, incluindo lumin\u00e1rias de interiores e exteriores, como vias p\u00fablicas e jardins. O primeiro lugar receber\u00e1 trof\u00e9u, certificado de reconhecimento e selo. J\u00e1 segundo e terceiro lugares receber\u00e3o certificados e selos.<\/p>\n\n\n\n<p>Este ano, o Pr\u00eamio conta com uma novidade: a inclus\u00e3o de estudantes das \u00e1reas de arquitetura, desenho industrial, decora\u00e7\u00e3o e engenharia. \u201cA parceria entre a Expolux e a premia\u00e7\u00e3o fortalece a visibilidade e o reconhecimento dos profissionais e estudantes que se destacam na cria\u00e7\u00e3o de projetos de excel\u00eancia\u201d, refor\u00e7a a executiva.<\/p>\n\n\n\n<p>As inscri\u00e7\u00f5es estar\u00e3o abertas at\u00e9 o dia 20 de junho e devem ser realizadas<a href=\"http:\/\/www.luminarias.premioabilux.com.br\/\"> exclusivamente na plataforma dedicada ao Pr\u00eamio<\/a>. A cerim\u00f4nia est\u00e1 prevista para o dia 8 de agosto, em S\u00e3o Paulo.<\/p>\n\n\n\n<p><strong>Servi\u00e7o<\/strong><\/p>\n\n\n\n<p><strong>Pr\u00eamio Abilux de Design de Lumin\u00e1rias<\/strong><\/p>\n\n\n\n<p><strong>Per\u00edodo de inscri\u00e7\u00f5es: <\/strong>at\u00e9 20 de junho<br><strong>Site:<\/strong><a href=\"http:\/\/www.luminarias.premioabilux.com.br\/envie-seu-projeto\"><strong> <\/strong>http:\/\/www.luminarias.premioabilux.com.br\/envie-seu-projeto<\/a>&nbsp;<\/p>\n\n\n\n<p><strong>Expolux 2024<\/strong><\/p>\n\n\n\n<p><strong>Data<\/strong>: 17 a 20 de setembro<\/p>\n\n\n\n<p><strong>Local<\/strong>: Expo Center Norte \u2014 SP<\/p>\n\n\n\n<p><strong>Informa\u00e7\u00f5es:<\/strong><a href=\"http:\/\/www.expolux.com.br\/\"> www.expolux.com.br<\/a><\/p>\n","protected":false},"excerpt":{"rendered":"<p>Cada edi\u00e7\u00e3o revela como os profissionais do setor pensam inova\u00e7\u00e3o, trazendo pe\u00e7as que inspiram o mercado para solu\u00e7\u00f5es est\u00e9ticas, funcionais, eficientes e sustent\u00e1veis. Mais uma edi\u00e7\u00e3o do Pr\u00eamio ABILUX Design de Lumin\u00e1rias, organizado pela Associa\u00e7\u00e3o Brasileira da Ind\u00fastria de Ilumina\u00e7\u00e3o, integrar\u00e1 a Expolux. Considerado vitrine de profissionais brasileiros que pensam inova\u00e7\u00e3o de forma criativa, o [&hellip;]<\/p>\n","protected":false},"author":3,"featured_media":2076,"comment_status":"open","ping_status":"open","sticky":false,"template":"","format":"standard","meta":{"footnotes":""},"categories":[23],"tags":[],"class_list":{"0":"post-2075","1":"post","2":"type-post","3":"status-publish","4":"format-standard","5":"has-post-thumbnail","7":"category-feirasdenegocios"},"_links":{"self":[{"href":"https:\/\/tveventos.tv.br\/index.php?rest_route=\/wp\/v2\/posts\/2075","targetHints":{"allow":["GET"]}}],"collection":[{"href":"https:\/\/tveventos.tv.br\/index.php?rest_route=\/wp\/v2\/posts"}],"about":[{"href":"https:\/\/tveventos.tv.br\/index.php?rest_route=\/wp\/v2\/types\/post"}],"author":[{"embeddable":true,"href":"https:\/\/tveventos.tv.br\/index.php?rest_route=\/wp\/v2\/users\/3"}],"replies":[{"embeddable":true,"href":"https:\/\/tveventos.tv.br\/index.php?rest_route=%2Fwp%2Fv2%2Fcomments&post=2075"}],"version-history":[{"count":1,"href":"https:\/\/tveventos.tv.br\/index.php?rest_route=\/wp\/v2\/posts\/2075\/revisions"}],"predecessor-version":[{"id":2078,"href":"https:\/\/tveventos.tv.br\/index.php?rest_route=\/wp\/v2\/posts\/2075\/revisions\/2078"}],"wp:featuredmedia":[{"embeddable":true,"href":"https:\/\/tveventos.tv.br\/index.php?rest_route=\/wp\/v2\/media\/2076"}],"wp:attachment":[{"href":"https:\/\/tveventos.tv.br\/index.php?rest_route=%2Fwp%2Fv2%2Fmedia&parent=2075"}],"wp:term":[{"taxonomy":"category","embeddable":true,"href":"https:\/\/tveventos.tv.br\/index.php?rest_route=%2Fwp%2Fv2%2Fcategories&post=2075"},{"taxonomy":"post_tag","embeddable":true,"href":"https:\/\/tveventos.tv.br\/index.php?rest_route=%2Fwp%2Fv2%2Ftags&post=2075"}],"curies":[{"name":"wp","href":"https:\/\/api.w.org\/{rel}","templated":true}]}}