{"id":2079,"date":"2024-05-23T16:20:41","date_gmt":"2024-05-23T19:20:41","guid":{"rendered":"https:\/\/tveventos.tv.br\/?p=2079"},"modified":"2024-05-23T16:20:45","modified_gmt":"2024-05-23T19:20:45","slug":"fenagra-2024-maior-encontro-da-agroindustria-feed-foodacontece-em-junho-no-novo-distrito-anhembi-em-sao-paulo","status":"publish","type":"post","link":"https:\/\/tveventos.tv.br\/?p=2079","title":{"rendered":"Fenagra 2024: maior encontro da agroind\u00fastria Feed &#038; Foodacontece em junho no novo Distrito Anhembi, em S\u00e3o Paulo"},"content":{"rendered":"\n<p class=\"has-text-align-center\">Grandes players do setor de pet food, nutri\u00e7\u00e3o e reciclagem animal, graxaria, biodiesel, \u00f3leos egorduras participam do evento, que conta tamb\u00e9m com a realiza\u00e7\u00e3o de Congressos T\u00e9cnicos<\/p>\n\n\n\n<p>A Fenagra \u2013 principal Feira Internacional da Agroind\u00fastria Feed &amp; Food, Tecnologia e Processamento na Am\u00e9rica Latina &#8211; retorna \u00e0 cidade de S\u00e3o Paulo, conectando conhecimento e neg\u00f3cios em um s\u00f3 lugar. O evento que, a cada edi\u00e7\u00e3o, supera a expectativa de expositores, congressistas e visita\u00e7\u00e3o, acontecer\u00e1 nos dias 05 e 06 de junho, das 10h \u00e0s 19h, no Centro de Conven\u00e7\u00f5es do novo Distrito Anhembi, em S\u00e3o Paulo.<\/p>\n\n\n\n<p>Em sua 17\u00aa edi\u00e7\u00e3o, a Fenagra reunir\u00e1, em uma \u00e1rea de 11 mil metros quadrados, mais de 260 expositores, de 17 pa\u00edses, entre fabricantes de maquin\u00e1rios, mat\u00e9rias-primas, insumos, equipamentos para laborat\u00f3rios e servi\u00e7os, abrangendo os setores de Biodiesel, Frigor\u00edficos e Graxarias, Nutri\u00e7\u00e3o Animal (Pet Food, Aqua Feed, Animal Feed &#8211; aves, su\u00ednos e bovinos), \u00d3leos e Gorduras Vegetais, Gr\u00e3os e Derivados.&nbsp;<\/p>\n\n\n\n<p>A trajet\u00f3ria da feira deu in\u00edcio em 2006, com apenas oito estandes em um hotel na cidade de S\u00e3o Paulo. A cada edi\u00e7\u00e3o, o evento foi ganhando notoriedade, com passagem pelo interior paulista, nas cidades de Ribeir\u00e3o Preto, Valinhos e, depois, Campinas, onde foi realizada nos \u00faltimos anos, consagrando-se como o maior encontro do mercado de pet food, nutri\u00e7\u00e3o animal, reciclagem animal, graxaria, biodiesel, \u00f3leos e gorduras, para troca de informa\u00e7\u00e3o, conhecimento, inova\u00e7\u00e3o, tecnologia e investimento.<\/p>\n\n\n\n<p>&nbsp;\u201cEm 2024, a Fenagra inicia uma nova etapa em sua hist\u00f3ria ao retornar \u00e0 cidade de S\u00e3o Paulo, em um dos mais tradicionais pavilh\u00f5es de exposi\u00e7\u00e3o. Certamente, vamos superar os resultados do ano passado. A expectativa \u00e9 receber mais de 7 mil, entre visitantes e congressistas, e estima-se cerca de R$ 500 milh\u00f5es em volume de neg\u00f3cios gerados durante os dois dias de evento\u201d, declara Daniel Geraldes, Diretor da Editora Stilo e idealizador e respons\u00e1vel pela realiza\u00e7\u00e3o da Fenagra.&nbsp;<\/p>\n\n\n\n<p>&#8220;A GL events est\u00e1 honrada em receber a Fenagra como primeiro evento a inaugurar o Centro de Conven\u00e7\u00f5es do novo Distrito Anhembi. \u00c9 um marco hist\u00f3rico e memor\u00e1vel para a cidade. Estamos satisfeitos em entregar um novo espa\u00e7o qualificado para receber diferentes tipos de eventos. O Anhembi \u00e9 o espa\u00e7o em que a cultura, a inova\u00e7\u00e3o e a diversidade se encontram&#8221;, diz Rodolfo Andrade, diretor do Distrito Anhembi.&nbsp;<\/p>\n\n\n\n<p>Paralelamente \u00e0 feira, acontecer\u00e3o os tradicionais Congressos T\u00e9cnicos, promovidos pelas pr\u00f3prias Associa\u00e7\u00f5es dos setores que representam. Neste ano, ser\u00e3o 11 Congressos e 156 palestrantes, vindos tamb\u00e9m do exterior, que devem atrair cerca de 3 mil participantes. Pela primeira vez no evento ser\u00e1 realizado o X CLANA &#8211; Congresso Latino-Americano de Nutri\u00e7\u00e3o Animal, um dos mais importantes eventos da Am\u00e9rica Latina, promovido pelo Col\u00e9gio Brasileiro de Nutri\u00e7\u00e3o Animal (CBNA) e pela Associa\u00e7\u00e3o Mexicana de Especialistas em Nutri\u00e7\u00e3o Animal (AMENA).&nbsp;<\/p>\n\n\n\n<p>Esse Congresso acontece a cada dois anos, alternando entre Brasil e M\u00e9xico e, nesta edi\u00e7\u00e3o, abranger\u00e1 o tema \u2018Nutri\u00e7\u00e3o Animal: o caminho para uma produ\u00e7\u00e3o competitiva\u2019, incorporando tr\u00eas Congressos para as \u00e1reas de Aves, Su\u00ednos e Bovinos.&nbsp;<\/p>\n\n\n\n<p>Outro destaque ser\u00e1 o I F\u00f3rum Biodiesel e Bioquerosene Tecnologia e Inova\u00e7\u00e3o, realizado pela Ubrabio \u2013 Uni\u00e3o Brasileira do Biodiesel e Bioquerosene, que debater\u00e1 tecnologias, inova\u00e7\u00f5es, rotas, precifica\u00e7\u00e3o, qualidade, novidades do mercado, investimentos, financiamentos e temas relacionados ao aproveitamento e efici\u00eancia energ\u00e9tica.<\/p>\n\n\n\n<p>&nbsp;Ainda far\u00e3o parte da programa\u00e7\u00e3o o XXIII Congresso CBNA PET, o VI Congresso CBNA sobre Tecnologia da Produ\u00e7\u00e3o de Alimentos para Animais, o VII Workshop CBNA sobre Nutri\u00e7\u00e3o e Nutrologia de C\u00e3es e Gatos, o VII Congresso \u00d3leos &amp; Gorduras, da SBOG (Sociedade Brasileira de \u00d3leos e Gorduras), o XXI Congresso Brasil Rendering, do Sincobesp (Sindicato Nacional dos Coletores e Beneficiadores de Subprodutos de Origem Animal), o 8\u00b0 Di\u00e1logo T\u00e9cnico \u2013 Setor de Reciclagem Animal, da ABRA (Associa\u00e7\u00e3o Brasileira de Reciclagem Animal) e o Congresso ABISA Sudeste, da Associa\u00e7\u00e3o Brasileira de Produtos de Higiene &amp; Limpeza e Afins.<\/p>\n\n\n\n<p>&nbsp;Mais informa\u00e7\u00f5es sobre a Fenagra, em <a href=\"https:\/\/www.fenagra.com.br\/\">https:\/\/www.fenagra.com.br<\/a>.<\/p>\n\n\n\n<p><strong>SERVI\u00c7O:<\/strong>&nbsp;<\/p>\n\n\n\n<p>FENAGRA 2024 &#8211; Feira Internacional da Agroind\u00fastria Feed &amp; Food, Tecnologia e Processamento&nbsp;<\/p>\n\n\n\n<p>Data: dias 05 e 06 de junho de 2024 Hor\u00e1rio: das 10 \u00e0s 19 horas&nbsp;<\/p>\n\n\n\n<p>Local: Distrito Anhembi \u2013 Av. Olavo Fontoura, 1209 &#8211; Santana, S\u00e3o Paulo \u2013 SP<\/p>\n\n\n\n<p>Site:<a href=\"https:\/\/www.fenagra.com.br\/\">www.fenagra.com.br<\/a>&nbsp;<\/p>\n\n\n\n<p>Instagram: @fenagra<\/p>\n","protected":false},"excerpt":{"rendered":"<p>Grandes players do setor de pet food, nutri\u00e7\u00e3o e reciclagem animal, graxaria, biodiesel, \u00f3leos egorduras participam do evento, que conta tamb\u00e9m com a realiza\u00e7\u00e3o de Congressos T\u00e9cnicos A Fenagra \u2013 principal Feira Internacional da Agroind\u00fastria Feed &amp; Food, Tecnologia e Processamento na Am\u00e9rica Latina &#8211; retorna \u00e0 cidade de S\u00e3o Paulo, conectando conhecimento e neg\u00f3cios [&hellip;]<\/p>\n","protected":false},"author":2,"featured_media":2080,"comment_status":"open","ping_status":"open","sticky":false,"template":"","format":"standard","meta":{"footnotes":""},"categories":[23],"tags":[],"class_list":{"0":"post-2079","1":"post","2":"type-post","3":"status-publish","4":"format-standard","5":"has-post-thumbnail","7":"category-feirasdenegocios"},"_links":{"self":[{"href":"https:\/\/tveventos.tv.br\/index.php?rest_route=\/wp\/v2\/posts\/2079","targetHints":{"allow":["GET"]}}],"collection":[{"href":"https:\/\/tveventos.tv.br\/index.php?rest_route=\/wp\/v2\/posts"}],"about":[{"href":"https:\/\/tveventos.tv.br\/index.php?rest_route=\/wp\/v2\/types\/post"}],"author":[{"embeddable":true,"href":"https:\/\/tveventos.tv.br\/index.php?rest_route=\/wp\/v2\/users\/2"}],"replies":[{"embeddable":true,"href":"https:\/\/tveventos.tv.br\/index.php?rest_route=%2Fwp%2Fv2%2Fcomments&post=2079"}],"version-history":[{"count":1,"href":"https:\/\/tveventos.tv.br\/index.php?rest_route=\/wp\/v2\/posts\/2079\/revisions"}],"predecessor-version":[{"id":2081,"href":"https:\/\/tveventos.tv.br\/index.php?rest_route=\/wp\/v2\/posts\/2079\/revisions\/2081"}],"wp:featuredmedia":[{"embeddable":true,"href":"https:\/\/tveventos.tv.br\/index.php?rest_route=\/wp\/v2\/media\/2080"}],"wp:attachment":[{"href":"https:\/\/tveventos.tv.br\/index.php?rest_route=%2Fwp%2Fv2%2Fmedia&parent=2079"}],"wp:term":[{"taxonomy":"category","embeddable":true,"href":"https:\/\/tveventos.tv.br\/index.php?rest_route=%2Fwp%2Fv2%2Fcategories&post=2079"},{"taxonomy":"post_tag","embeddable":true,"href":"https:\/\/tveventos.tv.br\/index.php?rest_route=%2Fwp%2Fv2%2Ftags&post=2079"}],"curies":[{"name":"wp","href":"https:\/\/api.w.org\/{rel}","templated":true}]}}