{"id":2087,"date":"2024-05-24T17:43:04","date_gmt":"2024-05-24T20:43:04","guid":{"rendered":"https:\/\/tveventos.tv.br\/?p=2087"},"modified":"2024-05-24T17:43:08","modified_gmt":"2024-05-24T20:43:08","slug":"vem-ai-a-3a-edicao-do-beauty-fair-summit-o-maior-evento-de-empreendedorismo-de-beleza-da-america-latina","status":"publish","type":"post","link":"https:\/\/tveventos.tv.br\/?p=2087","title":{"rendered":"Vem a\u00ed a 3\u00aa edi\u00e7\u00e3o do Beauty Fair Summit, o maior evento de empreendedorismo de beleza da Am\u00e9rica Latina"},"content":{"rendered":"\n<p class=\"has-text-align-center\"><em>O evento \u00e9 voltado para empreendedores e gestores do ramo da beleza e contar\u00e1 com conte\u00fado apresentados por profissionais renomados do mercado da beleza e dos neg\u00f3cios<\/em><\/p>\n\n\n\n<p>No dia 3 de junho, a Beauty Fair, hub de neg\u00f3cios e maior feira de beleza das Am\u00e9ricas, promover\u00e1 a 3\u00aa edi\u00e7\u00e3o do&nbsp;<a href=\"https:\/\/summitdonosdesalao.com.br\/\" target=\"_blank\" rel=\"noreferrer noopener\">Beauty Fair Summit \u2013 Donos de Sal\u00e3o<\/a>, o maior evento de empreendedorismo de beleza da Am\u00e9rica Latina. Por l\u00e1, empres\u00e1rios e gestores de espa\u00e7os de beleza, participam de atividades em que colocam em discuss\u00e3o as particularidades do neg\u00f3cio, aprimoram t\u00e9cnicas para colocar o cliente em primeiro lugar e abordagens e novas formas de aumentar sua lucratividade.<\/p>\n\n\n\n<p>O evento acontecer\u00e1 no Sheraton S\u00e3o Paulo WTC Hotel, das 9h \u00e0s 18h, e atraiumais de mil propriet\u00e1rios e gestores de sal\u00e3o. S\u00e3o mais de 8 horas de conte\u00fado imersivo e 100% pr\u00e1ticos, ministrados por profissionais que s\u00e3o refer\u00eancia no mercado da beleza e dos neg\u00f3cios. Al\u00e9m de muito aprendizado e crescimento profissional, o Beauty Fair Summit \u00e9 um lugar que promove muito networking e aproxima\u00e7\u00e3o com os colegas de profiss\u00e3o.<\/p>\n\n\n\n<p>Uns dos principais diferenciais do evento s\u00e3o os conte\u00fados de gest\u00e3o, pensados especialmente para simplificar a administra\u00e7\u00e3o dos sal\u00f5es e reduzir a carga de trabalho dos gestores, al\u00e9m de palestras voltadas apenas para estrat\u00e9gia de marketing, para auxiliar a se destacarem com conte\u00fado relevante e de qualidade.<\/p>\n\n\n\n<p><em>\u201cO objetivo do Beauty Fair Summit 2024 \u00e9 proporcionar para o participante solu\u00e7\u00f5es pr\u00e1ticas e eficazes que contribuam para o crescimento do seu neg\u00f3cio. Hoje em dia, gestores e empres\u00e1rios enfrentam diversas batalhas em sua jornada de trabalho, que acabam impactando em sua receita, o que leva muitos a uma estagna\u00e7\u00e3o profissional e criativa. Esse evento, que j\u00e1 est\u00e1 em sua terceira edi\u00e7\u00e3o, vem para auxiliar a mudar esse cen\u00e1rio<\/em>\u201d,&nbsp;<em>afirma Cesar Tsukuda, diretor geral da Beauty Fair. \u201cNo evento, o dono ou gestor entender\u00e1 que \u00e9 poss\u00edvel conquistar a fideliza\u00e7\u00e3o do cliente, realizar bons atendimentos desde o primeiro contato, proporcionar uma experi\u00eancia \u00fanica e confort\u00e1vel para seu cliente e tra\u00e7ar estrat\u00e9gias de marketing eficazes para vender ainda mais seus servi\u00e7os\u201d, conclui Tsukuda.<\/em><\/p>\n\n\n\n<p>Abaixo, confira a programa\u00e7\u00e3o completa do Beauty Salon to Watch \u2013 Reconhecimento de sal\u00f5es de beleza brasileiros que se destacam em diversas \u00e1reas:<\/p>\n\n\n\n<ul class=\"wp-block-list\">\n<li><strong>Novo comportamento do consumidor, perspectivas e tend\u00eancias econ\u00f4micas<\/strong>, com Samy Dana, professor de economia da Escola de Administra\u00e7\u00e3o de Empresas da Funda\u00e7\u00e3o Get\u00falio Vargas e comentarista de r\u00e1dio;<\/li>\n\n\n\n<li><strong>Pesquisa de Sal\u00f5es de Beleza Beauty Fair 2024<\/strong>, com Cesar Tsukuda, Diretor Geral da Beauty Fair;<\/li>\n\n\n\n<li>Estrat\u00e9gias Digitais para a \u00e1rea da beleza com Ellen Salom\u00e3o, empres\u00e1ria, palestrante e estrategista digital desde 2018;<\/li>\n\n\n\n<li><strong>Humaniza\u00e7\u00e3o e tecnologia<\/strong>, com Carlos Busch, alto executivo de empresas como Oracle e Salesforce, escritor best-seller, colunista da revista MIT e mentor de neg\u00f3cios;<\/li>\n\n\n\n<li>Modelo de neg\u00f3cios para o crescimento sustent\u00e1vel;<\/li>\n\n\n\n<li><strong>Talk Show \u2013 Entenda melhor seu cliente<\/strong>, com Ros\u00e2ngela Barchetta (Studio W), Celso Kamura (C.Kamura) e Ricardo Lima (Tefara);<\/li>\n\n\n\n<li><strong>Lideran\u00e7a que faz crescer e engajar equipes<\/strong>, com Edmour Saiani, palestrante, consultor, conselheiro, mentor e autor;<\/li>\n\n\n\n<li><strong>Protagonismo e felicidade \u2013 A mudan\u00e7a que voc\u00ea faz no mundo<\/strong>, com Marcos Piangers.<\/li>\n<\/ul>\n\n\n\n<p>Al\u00e9m da maior feira de beleza das Am\u00e9ricas, a Beauty Fair ainda promove outros importantes eventos ao longo do ano voltados a diferentes p\u00fablicos do setor.Se ainda n\u00e3o garantiu seu ingresso, essa \u00e9 a \u00faltima chamada! Corra para participar do maior evento de empreendedorismo do universo da beleza das Am\u00e9ricas clicando&nbsp;<a href=\"https:\/\/summitdonosdesalao.com.br\/\" target=\"_blank\" rel=\"noreferrer noopener\">aqui<\/a>.<\/p>\n\n\n\n<p><strong>Sobre a Beauty Fair<\/strong><\/p>\n\n\n\n<p>A Beauty Fair atua como plataforma de neg\u00f3cios, relacionamento e desenvolvimento do varejo, ind\u00fastria e profissionais. Al\u00e9m de promover a maior feira de beleza das Am\u00e9ricas, a empresa tamb\u00e9m \u00e9 respons\u00e1vel por importantes projetos com foco no varejo, como a miss\u00e3o internacional Beauty Fair, que j\u00e1 foi para a NRF em Nova York e Orlando, L\u00edderes de Perfumaria, F\u00f3rum de Varejo de Beleza e Beauty Show Make&amp;Nails. Por meio da iniciativa Beauty Fair Brazil, a empresa desempenha importante papel na exporta\u00e7\u00e3o de cosm\u00e9ticos e na capta\u00e7\u00e3o de novos neg\u00f3cios para a ind\u00fastria e varejo. Na \u00e1rea profissional, promove o Beauty Fair Summit Donos de Sal\u00e3o.<\/p>\n\n\n\n<p>A partir de 2024, passaram a fazer parte do portif\u00f3lio da Beauty Fair as feiras Professional Fair \u2013 feira profissional da Beleza de BH; Barber Week, maior evento barber do mundo; o Brazil Lash Congress \u2013 o maior congresso de extens\u00e3o de c\u00edlios; e o PMU Prime Brazil, evento do setor de micropigmenta\u00e7\u00e3o.<\/p>\n","protected":false},"excerpt":{"rendered":"<p>O evento \u00e9 voltado para empreendedores e gestores do ramo da beleza e contar\u00e1 com conte\u00fado apresentados por profissionais renomados do mercado da beleza e dos neg\u00f3cios No dia 3 de junho, a Beauty Fair, hub de neg\u00f3cios e maior feira de beleza das Am\u00e9ricas, promover\u00e1 a 3\u00aa edi\u00e7\u00e3o do&nbsp;Beauty Fair Summit \u2013 Donos de [&hellip;]<\/p>\n","protected":false},"author":2,"featured_media":2088,"comment_status":"open","ping_status":"open","sticky":false,"template":"","format":"standard","meta":{"footnotes":""},"categories":[1],"tags":[],"class_list":{"0":"post-2087","1":"post","2":"type-post","3":"status-publish","4":"format-standard","5":"has-post-thumbnail","7":"category-workshopsepalestras"},"_links":{"self":[{"href":"https:\/\/tveventos.tv.br\/index.php?rest_route=\/wp\/v2\/posts\/2087","targetHints":{"allow":["GET"]}}],"collection":[{"href":"https:\/\/tveventos.tv.br\/index.php?rest_route=\/wp\/v2\/posts"}],"about":[{"href":"https:\/\/tveventos.tv.br\/index.php?rest_route=\/wp\/v2\/types\/post"}],"author":[{"embeddable":true,"href":"https:\/\/tveventos.tv.br\/index.php?rest_route=\/wp\/v2\/users\/2"}],"replies":[{"embeddable":true,"href":"https:\/\/tveventos.tv.br\/index.php?rest_route=%2Fwp%2Fv2%2Fcomments&post=2087"}],"version-history":[{"count":1,"href":"https:\/\/tveventos.tv.br\/index.php?rest_route=\/wp\/v2\/posts\/2087\/revisions"}],"predecessor-version":[{"id":2089,"href":"https:\/\/tveventos.tv.br\/index.php?rest_route=\/wp\/v2\/posts\/2087\/revisions\/2089"}],"wp:featuredmedia":[{"embeddable":true,"href":"https:\/\/tveventos.tv.br\/index.php?rest_route=\/wp\/v2\/media\/2088"}],"wp:attachment":[{"href":"https:\/\/tveventos.tv.br\/index.php?rest_route=%2Fwp%2Fv2%2Fmedia&parent=2087"}],"wp:term":[{"taxonomy":"category","embeddable":true,"href":"https:\/\/tveventos.tv.br\/index.php?rest_route=%2Fwp%2Fv2%2Fcategories&post=2087"},{"taxonomy":"post_tag","embeddable":true,"href":"https:\/\/tveventos.tv.br\/index.php?rest_route=%2Fwp%2Fv2%2Ftags&post=2087"}],"curies":[{"name":"wp","href":"https:\/\/api.w.org\/{rel}","templated":true}]}}