{"id":2091,"date":"2024-05-24T17:46:46","date_gmt":"2024-05-24T20:46:46","guid":{"rendered":"https:\/\/tveventos.tv.br\/?p=2091"},"modified":"2024-05-24T17:46:49","modified_gmt":"2024-05-24T20:46:49","slug":"alagev-anuncia-data-da-20a-edicao-do-lacte","status":"publish","type":"post","link":"https:\/\/tveventos.tv.br\/?p=2091","title":{"rendered":"ALAGEV anuncia data da 20\u00aa edi\u00e7\u00e3o do LACTE"},"content":{"rendered":"\n<p class=\"has-text-align-center\"><em>Evento acontecer\u00e1 nos dias 24 e 25 de fevereiro de 2025, no Golden Hall do WTC Events Center, em S\u00e3o Paulo<\/em><\/p>\n\n\n\n<p>A Associa\u00e7\u00e3o Latino Americana de Gest\u00e3o de Eventos e Viagens Corporativas (ALAGEV) anuncia que a 20\u00aa edi\u00e7\u00e3o do LACTE, evento que conecta os participantes com os temas atuais do setor, acontecer\u00e1 nos dias 24 e 25 de fevereiro de 2025, no Golden Hall do WTC Events Center, em S\u00e3o Paulo.<\/p>\n\n\n\n<p>\u201cO pr\u00f3ximo ano ser\u00e1 ainda mais especial, pois completaremos duas d\u00e9cadas de LACTE sendo excel\u00eancia e inova\u00e7\u00e3o na ind\u00fastria de eventos e viagens corporativas. Estamos preparando uma programa\u00e7\u00e3o que refletir\u00e1 a evolu\u00e7\u00e3o e o crescimento do setor ao longo desse per\u00edodo. Esperamos contar com a participa\u00e7\u00e3o de todos para juntos fazermos de mais uma edi\u00e7\u00e3o um grande sucesso&#8221;, comenta Luana Nogueira, diretora executiva da ALAGEV.<\/p>\n\n\n\n<p>A edi\u00e7\u00e3o de 2024, que debateu o etarismo, registrou mais de 1,6 mil participantes. Outro destaque foi o crescimento de patrocinadores, chegando a 88 marcas, 10% a mais do que no ano anterior.&nbsp;<\/p>\n\n\n\n<p>Em sua programa\u00e7\u00e3o foram apresentados 12 minilabs com conte\u00fados comandados pelos representantes das 17 Comunidades da ALAGEV, 8 sess\u00f5es educacionais, pain\u00e9is,&nbsp;<em>talk shows<\/em>,&nbsp;<em>pitch show<\/em>, premia\u00e7\u00f5es e mentorias reversas.&nbsp;<\/p>\n\n\n\n<p>J\u00e1 no aplicativo exclusivo do evento, o usu\u00e1rio teve a oportunidade de acessar informa\u00e7\u00f5es sobre as a\u00e7\u00f5es que acontecem no LACTE, conferir a programa\u00e7\u00e3o, escolher as sess\u00f5es de interesse e construir a sua jornada no evento por meio de&nbsp;<em>&nbsp;downloads<\/em>&nbsp;de materiais exclusivos, al\u00e9m de ter contato com outros participantes, gerar novos neg\u00f3cios, compartilhar ideias e interagir no&nbsp;<em>gamification<\/em>&nbsp;&#8211; jogo com recompensas para os usu\u00e1rios que mais se destacaram.<\/p>\n\n\n\n<p>A ferramenta registrou 953.813 intera\u00e7\u00f5es, 1.605 usu\u00e1rios cadastrados, 23.664 trocas de contatos, 2.552 mensagens via chat, 1.106 postagens, 33.126 curtidas, 16.553 coment\u00e1rios, 40 quizzes com 6.252 respostas e leituras de 2.322 QR Codes.&nbsp;<\/p>\n\n\n\n<p>Para mais informa\u00e7\u00f5es sobre a associa\u00e7\u00e3o, acesse os perfis oficiais no Instagram (@alagev.oficial), YouTube (TV ALAGEV), Facebook (@alagev.oficial) e LinkedIn (Alagev).<\/p>\n","protected":false},"excerpt":{"rendered":"<p>Evento acontecer\u00e1 nos dias 24 e 25 de fevereiro de 2025, no Golden Hall do WTC Events Center, em S\u00e3o Paulo A Associa\u00e7\u00e3o Latino Americana de Gest\u00e3o de Eventos e Viagens Corporativas (ALAGEV) anuncia que a 20\u00aa edi\u00e7\u00e3o do LACTE, evento que conecta os participantes com os temas atuais do setor, acontecer\u00e1 nos dias 24 [&hellip;]<\/p>\n","protected":false},"author":2,"featured_media":2092,"comment_status":"open","ping_status":"open","sticky":false,"template":"","format":"standard","meta":{"footnotes":""},"categories":[23],"tags":[],"class_list":{"0":"post-2091","1":"post","2":"type-post","3":"status-publish","4":"format-standard","5":"has-post-thumbnail","7":"category-feirasdenegocios"},"_links":{"self":[{"href":"https:\/\/tveventos.tv.br\/index.php?rest_route=\/wp\/v2\/posts\/2091","targetHints":{"allow":["GET"]}}],"collection":[{"href":"https:\/\/tveventos.tv.br\/index.php?rest_route=\/wp\/v2\/posts"}],"about":[{"href":"https:\/\/tveventos.tv.br\/index.php?rest_route=\/wp\/v2\/types\/post"}],"author":[{"embeddable":true,"href":"https:\/\/tveventos.tv.br\/index.php?rest_route=\/wp\/v2\/users\/2"}],"replies":[{"embeddable":true,"href":"https:\/\/tveventos.tv.br\/index.php?rest_route=%2Fwp%2Fv2%2Fcomments&post=2091"}],"version-history":[{"count":1,"href":"https:\/\/tveventos.tv.br\/index.php?rest_route=\/wp\/v2\/posts\/2091\/revisions"}],"predecessor-version":[{"id":2093,"href":"https:\/\/tveventos.tv.br\/index.php?rest_route=\/wp\/v2\/posts\/2091\/revisions\/2093"}],"wp:featuredmedia":[{"embeddable":true,"href":"https:\/\/tveventos.tv.br\/index.php?rest_route=\/wp\/v2\/media\/2092"}],"wp:attachment":[{"href":"https:\/\/tveventos.tv.br\/index.php?rest_route=%2Fwp%2Fv2%2Fmedia&parent=2091"}],"wp:term":[{"taxonomy":"category","embeddable":true,"href":"https:\/\/tveventos.tv.br\/index.php?rest_route=%2Fwp%2Fv2%2Fcategories&post=2091"},{"taxonomy":"post_tag","embeddable":true,"href":"https:\/\/tveventos.tv.br\/index.php?rest_route=%2Fwp%2Fv2%2Ftags&post=2091"}],"curies":[{"name":"wp","href":"https:\/\/api.w.org\/{rel}","templated":true}]}}