{"id":2097,"date":"2024-05-27T14:09:15","date_gmt":"2024-05-27T17:09:15","guid":{"rendered":"https:\/\/tveventos.tv.br\/?p=2097"},"modified":"2024-05-27T14:09:17","modified_gmt":"2024-05-27T17:09:17","slug":"bio-brazil-fairbiofach-america-latina-e-naturaltech-2024-estimulam-melhorias-continuas-de-portfolios-das-categorias-de-produtos-saudaveis-com-o-compromisso-de-sustentabilidade-no-mercado-de-alimentos","status":"publish","type":"post","link":"https:\/\/tveventos.tv.br\/?p=2097","title":{"rendered":"Bio Brazil Fair|Biofach America Latina e Naturaltech 2024 estimulam melhorias cont\u00ednuas de portf\u00f3lios das categorias de produtos saud\u00e1veis com o compromisso de sustentabilidade no mercado de alimentos org\u00e2nicos e naturais"},"content":{"rendered":"\n<p><em>Iniciativa que enaltece bons produtos do mercado em alimentos, bebidas, suplementos, inova\u00e7\u00e3o, sustentabilidade e plant-based apresentar\u00e1 as empresas premiadas no dia 12 de junho, em S\u00e3o Paulo\u00a0<\/em><\/p>\n\n\n\n<p>A 18\u00aa edi\u00e7\u00e3o das feiras BIO BRAZIL FAIR | BIOFACH AM\u00c9RICA LATINA e NATURALTECH traz com exclusividade a 2\u00aa edi\u00e7\u00e3o do BIO BRAZIL FAIR | BIOFACH AMERICA LATINA e NATURALTECH AWARD, cujo objetivo \u00e9 ser uma iniciativa que enalte\u00e7a bons produtos do mercado em alimentos, bebidas e suplementos, estimule melhorias cont\u00ednuas de portf\u00f3lio e que movimente, cada vez mais, as categorias de produtos saud\u00e1veis para a tend\u00eancia Clean Label.<br>&nbsp;<\/p>\n\n\n\n<p>\u201cA participa\u00e7\u00e3o das empresas no BIO BRAZIL FAIR | BIOFACH AMERICA LATINA e NATURALTECH AWARD contribui com todo o ecossistema de alimenta\u00e7\u00e3o e nutri\u00e7\u00e3o uma vez que o pr\u00eamio fomenta as empresas concorrentes a desenvolverem produtos com melhor perfil nutricional, reconhecendo aqueles que se destacaram e contribu\u00edram para uma mudan\u00e7a positiva no mercado\u201d, diz Samantha Macedo, Diretora da Equilibrium<br>&nbsp;<\/p>\n\n\n\n<p>Os pr\u00eamios ser\u00e3o distribu\u00eddos em seis categorias para NATURALTECH: alimento, bebida, suplemento, inova\u00e7\u00e3o, sustentabilidade e plant-based. E alimento, bebida, inova\u00e7\u00e3o, sustentabilidade e plant-based para BIO BRAZIL FAIR | BIOFACH AM\u00c9RICA LATINA, refletindo a diversidade e a inova\u00e7\u00e3o presentes no mercado de alimentos org\u00e2nicos e naturais.<br>&nbsp;<\/p>\n\n\n\n<p>Os finalistas j\u00e1 foram selecionados e os 20 jurados se reuniram, no dia 07 de maio na renomada It.Kitchen, na Vila Madalena, em S\u00e3o Paulo. Neste encontro crucial, foram debatidos e definidos os premiados de cada categoria, em um processo meticuloso e transparente. Os vencedores ser\u00e3o conhecidos em Cerim\u00f4nia aberta ao mercado, no dia 12 de Junho, no palco principal das Feiras Bio Brazil e Naturaltech, no Anhembi.<br>&nbsp;<\/p>\n\n\n\n<p>\u201cAs marcas selecionadas mostraram criatividade e apresentaram produtos excelentes, isso demonstra como o mercado est\u00e1 sempre atento \u00e0s exig\u00eancias dos consumidores, preocupados com a origem dos ingredientes utilizados na elabora\u00e7\u00e3o dos alimentos e com o meio ambiente. Estamos ansiosos em ver os resultados das avalia\u00e7\u00f5es dos jurados\u201d, comenta Valeska Cir\u00e9, head de produto da Francal.<\/p>\n\n\n\n<p>A premia\u00e7\u00e3o tem como objetivo reconhecer produtos do mercado em alimentos, bebidas e suplementos, estimular melhorias cont\u00ednuas de portf\u00f3lio e movimentar, cada vez mais, a categoria de produtos saud\u00e1veis para a tend\u00eancia clean label, express\u00e3o em ingl\u00eas para alimentos desenvolvidos com ingredientes naturais e reconhecidos pelos consumidores. O Award \u00e9 mais do que um reconhecimento, \u00e9 um chamado \u00e0 a\u00e7\u00e3o para uma ind\u00fastria comprometida com o bem-estar humano e ambiental.<\/p>\n\n\n\n<p>SERVI\u00c7O &#8211; Bio Brazil Fair | Biofach Am\u00e9rica Latina e Naturaltech 2024<br>site: <a href=\"https:\/\/biobrazilfair.com.br\/pt\/\">biobrazilfair.com.br<\/a>.<\/p>\n\n\n\n<p>Quando: de 12 a 15 de junho de 2024<\/p>\n\n\n\n<p>Hor\u00e1rios: Dias 12 e 13, das 10h \u00e0s 13h, exclusivo para profissionais B2B e B2P. P\u00fablico em geral nestes dias somente a partir das 13h. Dias 14 e 15, das 10h \u00e0s 20h, para todos os p\u00fablicos.<\/p>\n\n\n\n<p>Local: PAVILH\u00c3O DE EXPOSI\u00c7\u00d5ES DO ANHEMBI<\/p>\n\n\n\n<p>Endere\u00e7o: Avenida Olavo Fontoura, 1209, S\u00e3o Paulo \u2013 SP<\/p>\n\n\n\n<p>Para mais informa\u00e7\u00f5es, entre em contato: francal@approach.com.br&nbsp;<\/p>\n","protected":false},"excerpt":{"rendered":"<p>Iniciativa que enaltece bons produtos do mercado em alimentos, bebidas, suplementos, inova\u00e7\u00e3o, sustentabilidade e plant-based apresentar\u00e1 as empresas premiadas no dia 12 de junho, em S\u00e3o Paulo\u00a0 A 18\u00aa edi\u00e7\u00e3o das feiras BIO BRAZIL FAIR | BIOFACH AM\u00c9RICA LATINA e NATURALTECH traz com exclusividade a 2\u00aa edi\u00e7\u00e3o do BIO BRAZIL FAIR | BIOFACH AMERICA LATINA [&hellip;]<\/p>\n","protected":false},"author":3,"featured_media":2098,"comment_status":"open","ping_status":"open","sticky":false,"template":"","format":"standard","meta":{"footnotes":""},"categories":[23],"tags":[],"class_list":{"0":"post-2097","1":"post","2":"type-post","3":"status-publish","4":"format-standard","5":"has-post-thumbnail","7":"category-feirasdenegocios"},"_links":{"self":[{"href":"https:\/\/tveventos.tv.br\/index.php?rest_route=\/wp\/v2\/posts\/2097","targetHints":{"allow":["GET"]}}],"collection":[{"href":"https:\/\/tveventos.tv.br\/index.php?rest_route=\/wp\/v2\/posts"}],"about":[{"href":"https:\/\/tveventos.tv.br\/index.php?rest_route=\/wp\/v2\/types\/post"}],"author":[{"embeddable":true,"href":"https:\/\/tveventos.tv.br\/index.php?rest_route=\/wp\/v2\/users\/3"}],"replies":[{"embeddable":true,"href":"https:\/\/tveventos.tv.br\/index.php?rest_route=%2Fwp%2Fv2%2Fcomments&post=2097"}],"version-history":[{"count":2,"href":"https:\/\/tveventos.tv.br\/index.php?rest_route=\/wp\/v2\/posts\/2097\/revisions"}],"predecessor-version":[{"id":2100,"href":"https:\/\/tveventos.tv.br\/index.php?rest_route=\/wp\/v2\/posts\/2097\/revisions\/2100"}],"wp:featuredmedia":[{"embeddable":true,"href":"https:\/\/tveventos.tv.br\/index.php?rest_route=\/wp\/v2\/media\/2098"}],"wp:attachment":[{"href":"https:\/\/tveventos.tv.br\/index.php?rest_route=%2Fwp%2Fv2%2Fmedia&parent=2097"}],"wp:term":[{"taxonomy":"category","embeddable":true,"href":"https:\/\/tveventos.tv.br\/index.php?rest_route=%2Fwp%2Fv2%2Fcategories&post=2097"},{"taxonomy":"post_tag","embeddable":true,"href":"https:\/\/tveventos.tv.br\/index.php?rest_route=%2Fwp%2Fv2%2Ftags&post=2097"}],"curies":[{"name":"wp","href":"https:\/\/api.w.org\/{rel}","templated":true}]}}