{"id":2104,"date":"2024-05-27T14:38:31","date_gmt":"2024-05-27T17:38:31","guid":{"rendered":"https:\/\/tveventos.tv.br\/?p=2104"},"modified":"2024-05-27T14:38:36","modified_gmt":"2024-05-27T17:38:36","slug":"10a-edicao-da-formobile-trara-a-presenca-de-550-marcas-expositoras","status":"publish","type":"post","link":"https:\/\/tveventos.tv.br\/?p=2104","title":{"rendered":"10\u00aa edi\u00e7\u00e3o da ForM\u00f3bile trar\u00e1 a presen\u00e7a de 550 marcas expositoras"},"content":{"rendered":"\n<p><em>Cerca de 15% estar\u00e3o presentes na feira pela primeira vez<\/em><\/p>\n\n\n\n<p>Considerada a maior feira do setor e principal evento da ind\u00fastria de m\u00f3veis e madeira da Am\u00e9rica Latina, a <strong>ForM\u00f3bile <\/strong>acontece entre os dias <strong>02 e 05 de julho<\/strong>, no S\u00e3o Paulo Expo. Com <strong>550 marcas expositoras<\/strong> e expectativa de receber <strong>50 mil profissionais<\/strong> <strong>do segmento<\/strong>, a ForM\u00f3bile apresenta algumas marcas confirmadas para a 10\u00aa edi\u00e7\u00e3o.<\/p>\n\n\n\n<p>Ponto de encontro essencial para marceneiros, ind\u00fastrias, fornecedores e revendedores nacionais e internacionais, al\u00e9m de arquitetos e designers, a ForM\u00f3bile \u00e9 o ambiente prop\u00edcio para oportunidades de neg\u00f3cios, permitindo que os participantes explorem as \u00faltimas novidades e tend\u00eancias do mercado.<\/p>\n\n\n\n<p>Ocupando cinco pavilh\u00f5es do S\u00e3o Paulo Expo, com mais de 55 mil metros quadrados de \u00e1rea de exposi\u00e7\u00e3o, a feira apresenta um crescimento de 10% em rela\u00e7\u00e3o a edi\u00e7\u00e3o anterior. \u201c<em>Em 2024, 15% dos expositores participar\u00e3o pela primeira vez e a feira tem como caracter\u00edstica que as empresas e marcas renovem sua participa\u00e7\u00e3o em todas as edi\u00e7\u00f5es, j\u00e1 que somos o principal evento do setor. Um dos grandes diferenciais da ForM\u00f3bile \u00e9 o grande n\u00famero de lan\u00e7amentos, tanto de expositores que est\u00e3o indo pela primeira vez, como dos j\u00e1 frequentes, sempre trazendo o que existe de mais atual no segmento<\/em>\u201d, explica Tatiano Segalin, business manager da ForM\u00f3bile.&nbsp;&nbsp;<\/p>\n\n\n\n<p>A 10\u00aa edi\u00e7\u00e3o da feira, que comemora os 20 anos da ForM\u00f3bile, trar\u00e1 550 marcas expositoras em todos os setores da cadeia moveleira: m\u00e1quinas e equipamentos, mat\u00e9rias-primas e insumos, ferragens, acess\u00f3rios e componentes, servi\u00e7os e solu\u00e7\u00f5es em tecnologias para a ind\u00fastria moveleira, tecidos, espumas e componentes para colch\u00f5es e estofados.<\/p>\n\n\n\n<p>\u201c<em>Entre os destaques, podemos citar a participa\u00e7\u00e3o das empresas de pain\u00e9is que estar\u00e3o presentes em quase sua totalidade, como Berneck, Duratex, Greenplac, Guararapes, Sudati, Floraplac, Eucatex e Placas do Brasil. O segmento de tecidos, que teve um aumento significativo no n\u00famero de marcas expositoras, al\u00e9m do setor de m\u00e1quinas, que trar\u00e1 novidades incr\u00edveis lan\u00e7adas durante a realiza\u00e7\u00e3o da feira e grandes marcas consolidadas e tradicionais no evento, como Homag, Giben, SCM, Biesse, Maksiwa, Nanxing, Razi, Inmes, Holz-her, Cefla entre outras<\/em>\u201d, comenta Segalin.<\/p>\n\n\n\n<p>Com expectativa de receber mais de 50 mil profissionais do setor, a ForM\u00f3bile promete quatro dias intensos de muito conte\u00fado qualificado, networking e neg\u00f3cios. \u201c<em>Ser\u00e1 a maior edi\u00e7\u00e3o da ForM\u00f3bile dos \u00faltimos tempos, com um n\u00famero expressivo de marcas participantes e visita\u00e7\u00e3o qualificada marcando a celebra\u00e7\u00e3o dessa 10\u00aa edi\u00e7\u00e3o. Com o fim da pandemia estimamos um aumento significativo da visita\u00e7\u00e3o internacional, que busca na ForM\u00f3bile refer\u00eancias na cadeia produtiva moveleira<\/em>\u201d, finaliza.<\/p>\n\n\n\n<p>Fa\u00e7a seu credenciamento gratuitamente em <a href=\"https:\/\/tinyurl.com\/credenciamentoformobile\">https:\/\/tinyurl.com\/credenciamentoformobile<\/a><\/p>\n","protected":false},"excerpt":{"rendered":"<p>Cerca de 15% estar\u00e3o presentes na feira pela primeira vez Considerada a maior feira do setor e principal evento da ind\u00fastria de m\u00f3veis e madeira da Am\u00e9rica Latina, a ForM\u00f3bile acontece entre os dias 02 e 05 de julho, no S\u00e3o Paulo Expo. Com 550 marcas expositoras e expectativa de receber 50 mil profissionais do [&hellip;]<\/p>\n","protected":false},"author":3,"featured_media":2105,"comment_status":"open","ping_status":"open","sticky":false,"template":"","format":"standard","meta":{"footnotes":""},"categories":[23],"tags":[],"class_list":{"0":"post-2104","1":"post","2":"type-post","3":"status-publish","4":"format-standard","5":"has-post-thumbnail","7":"category-feirasdenegocios"},"_links":{"self":[{"href":"https:\/\/tveventos.tv.br\/index.php?rest_route=\/wp\/v2\/posts\/2104","targetHints":{"allow":["GET"]}}],"collection":[{"href":"https:\/\/tveventos.tv.br\/index.php?rest_route=\/wp\/v2\/posts"}],"about":[{"href":"https:\/\/tveventos.tv.br\/index.php?rest_route=\/wp\/v2\/types\/post"}],"author":[{"embeddable":true,"href":"https:\/\/tveventos.tv.br\/index.php?rest_route=\/wp\/v2\/users\/3"}],"replies":[{"embeddable":true,"href":"https:\/\/tveventos.tv.br\/index.php?rest_route=%2Fwp%2Fv2%2Fcomments&post=2104"}],"version-history":[{"count":1,"href":"https:\/\/tveventos.tv.br\/index.php?rest_route=\/wp\/v2\/posts\/2104\/revisions"}],"predecessor-version":[{"id":2106,"href":"https:\/\/tveventos.tv.br\/index.php?rest_route=\/wp\/v2\/posts\/2104\/revisions\/2106"}],"wp:featuredmedia":[{"embeddable":true,"href":"https:\/\/tveventos.tv.br\/index.php?rest_route=\/wp\/v2\/media\/2105"}],"wp:attachment":[{"href":"https:\/\/tveventos.tv.br\/index.php?rest_route=%2Fwp%2Fv2%2Fmedia&parent=2104"}],"wp:term":[{"taxonomy":"category","embeddable":true,"href":"https:\/\/tveventos.tv.br\/index.php?rest_route=%2Fwp%2Fv2%2Fcategories&post=2104"},{"taxonomy":"post_tag","embeddable":true,"href":"https:\/\/tveventos.tv.br\/index.php?rest_route=%2Fwp%2Fv2%2Ftags&post=2104"}],"curies":[{"name":"wp","href":"https:\/\/api.w.org\/{rel}","templated":true}]}}