{"id":2107,"date":"2024-05-27T15:07:17","date_gmt":"2024-05-27T18:07:17","guid":{"rendered":"https:\/\/tveventos.tv.br\/?p=2107"},"modified":"2024-05-27T15:07:19","modified_gmt":"2024-05-27T18:07:19","slug":"em-junho-abrasce-realiza-congresso-internacional-de-shopping-centers-e-exposhopping-em-sao-paulo","status":"publish","type":"post","link":"https:\/\/tveventos.tv.br\/?p=2107","title":{"rendered":"Em junho, Abrasce realiza Congresso Internacional de Shopping Centers e Exposhopping, em S\u00e3o Paulo"},"content":{"rendered":"\n<p><em>De 26 a 28\/6, no Expo Center Norte, entidade estabelece parceria in\u00e9dita com a C\u00e1mara Latinoamericana de la Industria de Centro Comerciales (Clicc) e, pela segunda edi\u00e7\u00e3o, com a Associa\u00e7\u00e3o Brasileira de Franchising (ABF)<\/em><\/p>\n\n\n\n<p>A Associa\u00e7\u00e3o Brasileira de Shopping Centers promove, de 26 a 28 de junho, os tr\u00eas principais eventos do setor: o 18\u00ba Congresso Internacional de Shopping Centers, a Exposhopping &#8211; a maior feira de neg\u00f3cios do segmento &#8211; e o Pr\u00eamio Abrasce, reconhecido como o &#8220;Oscar&#8221; do setor. As atividades ocorrer\u00e3o simultaneamente no Expo Center Norte, em S\u00e3o Paulo.<\/p>\n\n\n\n<p><br>Um destaque deste ano \u00e9 a parceria com duas importantes entidades: a C\u00e1mara Latinoamericana de la Industria de Centro Comerciales (Clicc), de forma in\u00e9dita, e, pela segunda vez, com a Associa\u00e7\u00e3o Brasileira de Franchising (ABF), que, por sua vez, estar\u00e1 realizando no mesmo local a ABF Franchising Expo, maior feira de franquias do mundo, e a ABF Franchising Week, semana de eventos com uma imers\u00e3o no setor.<\/p>\n\n\n\n<p><br><strong>Congresso Abrasce <\/strong>&#8211; Em sua 18\u00aa edi\u00e7\u00e3o, a iniciativa contar\u00e1 com mais de 15 pain\u00e9is, al\u00e9m de conte\u00fados extras que ser\u00e3o oferecidos na Arena Universidade. Ser\u00e3o tr\u00eas dias intensos, nos quais os participantes poder\u00e3o participar de debates sobre panorama econ\u00f4mico, futuro do setor, tend\u00eancias do varejo, entre outros relevantes para o segmento, como intelig\u00eancia artificial, ESG, diversidade e sa\u00fade mental.<\/p>\n\n\n\n<p><br>Entre os nomes que estar\u00e3o presentes, est\u00e3o: a keynote speaker internacional Carla Harris, senior client advisor na Morgan Stanley, palestrante e escritora norte-americana; Ma\u00edlson da N\u00f3brega, ex-ministro da Fazenda e s\u00f3cio fundador da Tend\u00eancias; Heni Ozi Cukier, cientista pol\u00edtico, professor, palestrante e ex-funcion\u00e1rio do Conselho de Seguran\u00e7a da ONU, na Organiza\u00e7\u00e3o dos Estados Americanos (OEA); Oliver Stuenkel, analista pol\u00edtico, autor, palestrante e professor da FGV; Diogo Cortiz, cientista cognitivo, futurista, escritor, divulgador cient\u00edfico e professor da PUC-SP; Sidarta Ribeiro, professor titular de Neuroci\u00eancia e fundador do Instituto do C\u00e9rebro (Ice) da Universidade Federal do Rio Grande do Norte (UFRN); Andrea Bisker, future thinker especializada em ci\u00eancias do consumo; Andrea Iorio, palestrante refer\u00eancia em transforma\u00e7\u00e3o digital e escritor de best-seller; Andreza Maia, cofundadora do Observat\u00f3rio de Futuros Inclusivos e especialista em inova\u00e7\u00e3o inclusiva; Bielo, apresentadora e empres\u00e1ria; Murilo Gun, palestrante; F\u00e1bio Porchat, roteirista e humorista, entre outros. O painel de empreendedores contar\u00e1, tamb\u00e9m, com os principais nomes do setor de shoppings debatendo tend\u00eancias, rela\u00e7\u00f5es de consumo e o futuro dos neg\u00f3cios.<\/p>\n\n\n\n<p><strong>Exposhopping<\/strong> &#8211; A maior feira de neg\u00f3cios do setor de shopping centers da Am\u00e9rica Latina atrai um p\u00fablico altamente selecionado, composto pelos principais decisores de shoppings e grupos empreendedores, al\u00e9m de fornecedores de todos os segmentos. O espa\u00e7o contar\u00e1 com diversas solu\u00e7\u00f5es inovadoras, produtos de alta qualidade e as \u00faltimas tecnologias para otimizar a experi\u00eancia do cliente e a gest\u00e3o e opera\u00e7\u00e3o nos empreendimentos. S\u00e3o esperados mais de 12 mil visitantes em uma \u00e1rea de 15 mil m\u00b2 com mais de 100 expositores. Este ano, a feira ter\u00e1 uma \u00e1rea exclusiva dedicada \u00e0 gastronomia (Espa\u00e7o Gourmet), \u00e0s tend\u00eancias do setor, al\u00e9m do tradicional estande da Universidade Abrasce com v\u00e1rios conte\u00fados extras, inclusive com foco na Am\u00e9rica Latina. A entrada no espa\u00e7o da feira \u00e9 gratuita e, para obter acesso, basta fazer seu <a href=\"https:\/\/congresso.abrasce.com.br\/exposhopping\/\">cadastro<\/a>.<\/p>\n\n\n\n<p><br><strong>Pr\u00eamio Abrasce<\/strong> \u2013 Reconhecido com o \u201cOscar do Setor\u201d, a iniciativa acontecer\u00e1 no dia 26\/6, no Expo Center Norte, e premiar\u00e1 os melhores e mais inovadores projetos desenvolvidos pelos shopping centers e grupos corporativos associados \u00e0 entidade a partir de uma banca avaliadora formada por especialistas contratados e isentos do setor. As categorias foram atualizadas neste ano e analisar\u00e3o os seguintes temas: A\u00e7\u00f5es de Natal, Campanhas Institucionais, Eventos e Promo\u00e7\u00f5es, Gest\u00e3o de Pessoas, Newton Rique de Sustentabilidade | ESG, e Tecnologia e Campanhas Digitais, al\u00e9m do Pr\u00eamio Destaque do Ano. A novidade deste ano fica por conta do Pr\u00eamio CLICC, que reconhecer\u00e1 os projetos apresentados pelos shoppings de pa\u00edses da Am\u00e9rica Latina. Em 2023, tivemos uma edi\u00e7\u00e3o hist\u00f3rica com 423 cases inscritos e a proje\u00e7\u00e3o para este ano \u00e9 de alcan\u00e7ar 450 inscri\u00e7\u00f5es. A cerim\u00f4nia do ano passado contou com mais de 600 convidados presentes, sendo 187 finalistas, dos quais 74 foram reconhecidos como cases ganhadores.<\/p>\n\n\n\n<p><br>Para Glauco Humai, presidente da Abrasce, a uni\u00e3o dos eventos vai al\u00e9m de oferecer um ambiente de neg\u00f3cios. \u201cEla proporciona aos associados a oportunidade de se integrarem com diversos representantes do setor e participarem de debates cruciais sobre tend\u00eancias e novas oportunidades\u201d, pontua. O executivo destaca, ainda, que os eventos da entidade j\u00e1 s\u00e3o reconhecidos como os principais f\u00f3runs de debates sobre a atua\u00e7\u00e3o e avan\u00e7o dos shopping centers na Am\u00e9rica Latina. \u201cCom a integra\u00e7\u00e3o dos maiores eventos do setor de franchising e de shoppings da AL, esse espa\u00e7o ganha uma sinergia que impulsionar\u00e1 o varejo, novos investimentos e o empreendedorismo no Brasil.\u201d<\/p>\n\n\n\n<p><br>De acordo com Tom Moreira Leite, presidente da ABF, \u201cao aproximar os seus maiores eventos pela segunda vez, as entidades criam uma importante sinergia para o varejo e potenciais investidores, unindo a for\u00e7a do franchising e dos shopping centers e fomentando uma nova din\u00e2mica de visita\u00e7\u00e3o que facilita e otimiza a busca por franquias para investir, pontos comercias e conhecimento das tend\u00eancias de ambos os mercados. Assim como a ABF, a Abrasce \u00e9 uma das maiores entidades do seu setor no mundo e uma parceira fundamental para impulsionarmos o empreendedorismo em nosso pa\u00eds\u201d.<\/p>\n\n\n\n<p><br>Carlos Hern\u00e1n Betancourt Sanclemente, diretor executivo da CLICC (C\u00e2mara Latino-Americana de Shopping Centers) afirma estar \u201cmuito entusiasmado em poder comemorar, junto com a Abrasce, a primeira entrega dos Pr\u00eamios CLICC durante a celebra\u00e7\u00e3o do 2\u00ba Congresso da Ind\u00fastria Latino-Americana de Centros Comerciais, uma iniciativa que brindar\u00e1 o reconhecimento aos melhores projetos do setor em quatro categorias: Arquitetura, Marketing, ESG e Tecnologia, pela primeira vez como entidade latino-americana que concede pr\u00eamios em sua pr\u00f3pria regi\u00e3o, dirigidos aos centros comerciais, operadores e desenvolvedores, al\u00e9m dos membros CLICC. Com isso, encorajamos a serem membros CLICC para que possam participar e ter acesso a todos os benef\u00edcios vinculados, bem como participar deste primeiro grande encontro regional que marcar\u00e1 a hist\u00f3ria da ind\u00fastria.\u201d<\/p>\n\n\n\n<p><br><strong>Servi\u00e7o:<\/strong><\/p>\n\n\n\n<p><strong>18\u00aa edi\u00e7\u00e3o do Congresso Internacional de Shopping Centers, Exposhopping e Pr\u00eamio Abrasce 2024<\/strong><\/p>\n\n\n\n<p><strong>Quando<\/strong>: de 26 a 28 de junho<\/p>\n\n\n\n<p><strong>Onde:<\/strong> Expo Center Norte &#8211; Pavilh\u00e3o Vermelho<\/p>\n\n\n\n<p><strong>Endere\u00e7o:<\/strong> Rua Jos\u00e9 Bernardo Pinto, 333, Vila Guilherme, S\u00e3o Paulo<\/p>\n\n\n\n<p><strong>Ingressos<\/strong>: <a href=\"https:\/\/congresso.abrasce.com.br\/\">Link<\/a><\/p>\n","protected":false},"excerpt":{"rendered":"<p>De 26 a 28\/6, no Expo Center Norte, entidade estabelece parceria in\u00e9dita com a C\u00e1mara Latinoamericana de la Industria de Centro Comerciales (Clicc) e, pela segunda edi\u00e7\u00e3o, com a Associa\u00e7\u00e3o Brasileira de Franchising (ABF) A Associa\u00e7\u00e3o Brasileira de Shopping Centers promove, de 26 a 28 de junho, os tr\u00eas principais eventos do setor: o 18\u00ba [&hellip;]<\/p>\n","protected":false},"author":3,"featured_media":2108,"comment_status":"open","ping_status":"open","sticky":false,"template":"","format":"standard","meta":{"footnotes":""},"categories":[23],"tags":[],"class_list":{"0":"post-2107","1":"post","2":"type-post","3":"status-publish","4":"format-standard","5":"has-post-thumbnail","7":"category-feirasdenegocios"},"_links":{"self":[{"href":"https:\/\/tveventos.tv.br\/index.php?rest_route=\/wp\/v2\/posts\/2107","targetHints":{"allow":["GET"]}}],"collection":[{"href":"https:\/\/tveventos.tv.br\/index.php?rest_route=\/wp\/v2\/posts"}],"about":[{"href":"https:\/\/tveventos.tv.br\/index.php?rest_route=\/wp\/v2\/types\/post"}],"author":[{"embeddable":true,"href":"https:\/\/tveventos.tv.br\/index.php?rest_route=\/wp\/v2\/users\/3"}],"replies":[{"embeddable":true,"href":"https:\/\/tveventos.tv.br\/index.php?rest_route=%2Fwp%2Fv2%2Fcomments&post=2107"}],"version-history":[{"count":1,"href":"https:\/\/tveventos.tv.br\/index.php?rest_route=\/wp\/v2\/posts\/2107\/revisions"}],"predecessor-version":[{"id":2109,"href":"https:\/\/tveventos.tv.br\/index.php?rest_route=\/wp\/v2\/posts\/2107\/revisions\/2109"}],"wp:featuredmedia":[{"embeddable":true,"href":"https:\/\/tveventos.tv.br\/index.php?rest_route=\/wp\/v2\/media\/2108"}],"wp:attachment":[{"href":"https:\/\/tveventos.tv.br\/index.php?rest_route=%2Fwp%2Fv2%2Fmedia&parent=2107"}],"wp:term":[{"taxonomy":"category","embeddable":true,"href":"https:\/\/tveventos.tv.br\/index.php?rest_route=%2Fwp%2Fv2%2Fcategories&post=2107"},{"taxonomy":"post_tag","embeddable":true,"href":"https:\/\/tveventos.tv.br\/index.php?rest_route=%2Fwp%2Fv2%2Ftags&post=2107"}],"curies":[{"name":"wp","href":"https:\/\/api.w.org\/{rel}","templated":true}]}}