{"id":2110,"date":"2024-05-28T15:19:15","date_gmt":"2024-05-28T18:19:15","guid":{"rendered":"https:\/\/tveventos.tv.br\/?p=2110"},"modified":"2024-05-28T15:19:19","modified_gmt":"2024-05-28T18:19:19","slug":"numero-de-eventos-de-tecnologia-em-sao-paulo-cresce-40-em-2024","status":"publish","type":"post","link":"https:\/\/tveventos.tv.br\/?p=2110","title":{"rendered":"N\u00famero de eventos de tecnologia em S\u00e3o Paulo cresce 40% em 2024"},"content":{"rendered":"\n<p class=\"has-text-align-center\"><em>Brasil lidera o crescimento do mercado de tecnologia na Am\u00e9rica Latina em 2024, com uma taxa esperada de 12%<\/em><\/p>\n\n\n\n<p>O aumento na quantidade de eventos de tecnologia est\u00e1 diretamente ligado ao crescimento deste mercado no Brasil. De acordo com um&nbsp;<a href=\"https:\/\/drive.google.com\/file\/d\/1URpu-6shO5iChu0FPcbdP9R73boI9Mtn\/view?usp=sharing\" target=\"_blank\" rel=\"noreferrer noopener\">estudo<\/a>&nbsp;de uma consultoria especializada em tecnologia, a International Data Corporation (IDC), o Brasil est\u00e1 entre os pa\u00edses com maior taxa de crescimento do mercado de tecnologia da Am\u00e9rica Latina em 2024, com 12% sendo esperados no setor. Com essa porcentagem, o Brasil deve superar os Estados Unidos e liderar o ranking de crescimento no mercado de TI nas Am\u00e9ricas em 2024.<\/p>\n\n\n\n<p>Neste ano, s\u00f3 na cidade de S\u00e3o Paulo, acontecem cerca de 14 grandes eventos de tecnologia e inova\u00e7\u00e3o. Apenas nestes 5 primeiros meses, a capital j\u00e1 recebeu o VTEX Day, o ERP Summit e o Agile Trends. Comparado ao ano de 2023, temos um crescimento de 40% no n\u00famero de eventos do segmento.<\/p>\n\n\n\n<p>No radar das pr\u00f3ximas oportunidades deste ano, 5 eventos acontecem em junho, um dos meses com maior n\u00famero de confer\u00eancias de tecnologia no ano:<\/p>\n\n\n\n<ul class=\"wp-block-list\">\n<li><strong>Workshop de Tecnologia de Informa\u00e7\u00e3o e Comunica\u00e7\u00e3o das Institui\u00e7\u00f5es Federais de Ensino Superior do Brasil (WTICIFES) &#8211; De 4 \u00e0 6 de junho<\/strong><\/li>\n\n\n\n<li>IOT Solutions Congress Brasil &#8211; 6 e 7 de junho<\/li>\n\n\n\n<li>World Agri-Tech South America Summit &#8211; 18 e 19 de junho<\/li>\n\n\n\n<li><a href=\"https:\/\/techtrends.tec.br\/\" target=\"_blank\" rel=\"noreferrer noopener\">Tech Trends SP<\/a>\u00a0&#8211; 25 e 26 de junho<\/li>\n\n\n\n<li>Febraban Tech &#8211; De 25 \u00e0 27 de junho<\/li>\n<\/ul>\n\n\n\n<p>No pr\u00f3ximo m\u00eas a novidade \u00e9 o Tech Trends SP, com sua primeira edi\u00e7\u00e3o. O evento tem como objetivo conectar empresas, startups, governos e profissionais do setor, o evento pretende promover a integra\u00e7\u00e3o do ecossistema de inova\u00e7\u00e3o e tecnologia, al\u00e9m de apresentar as \u00faltimas tend\u00eancias e solu\u00e7\u00f5es para o futuro dos neg\u00f3cios.<\/p>\n\n\n\n<p>\u201cO mercado de tecnologia \u00e9 um dos que mais crescem em todo mundo e n\u00f3s vemos nisso uma grande oportunidade de trazer os maiores especialistas do mercado nacional e global para agregar e discutir com o ecossistema de tecnologia e inova\u00e7\u00e3o brasileiro. Nesta primeira edi\u00e7\u00e3o, vamos ocupar os mais de 3 mil m\u00b2 do Expo Center Norte para transbordar inova\u00e7\u00e3o, trazendo tr\u00eas diferentes \u00e1reas: Startup Village,&nbsp; Meeting Hub e Eventos de networking, al\u00e9m de 3 palcos para palestras de grandes nomes do mercado\u201d, afirma Victor Vocos,&nbsp; CEO da V3A, uma das empresas realizadoras do Tech Trends SP.<\/p>\n\n\n\n<p>Propondo uma imers\u00e3o em inova\u00e7\u00e3o e tecnologia, o evento conta com grandes nomes confirmados como Alessandra Karine, VP Public da Microsoft, Juliano Kimura, CEO da Confraria Web3 e Roberto Spinelli, Founder da PandorIA.&nbsp;<\/p>\n\n\n\n<p>Confira outros palestrantes abaixo:&nbsp;<\/p>\n\n\n\n<p>Alessandra Karine \u2013 VP Public da Microsoft;<\/p>\n\n\n\n<p>Alessandro Milagres \u2013 CMIO (Chief Metaverse &amp; Innovation Officer), da Cidade Matarazzo;<\/p>\n\n\n\n<p>Nayam Hanashiro \u2013 Coordenador de projetos estrat\u00e9gicos, Banco Interamericano de Desenvolvimento<\/p>\n\n\n\n<p>Jones Lopes \u2013 Head de Inova\u00e7\u00e3o Forsys<\/p>\n\n\n\n<p>Fabiano Sant\u00b4anna \u2013 CEO e Founder da Domani.Global;<\/p>\n\n\n\n<p>Jo\u00e3o Paulo Arag\u00e3o \u2013 FSI Expert Latam Microsoft;<\/p>\n\n\n\n<p>Juliano Kimura \u2013 CEO e Founder da Confraria Web3;<\/p>\n\n\n\n<p>Rafael Castaneda \u2013 Founder da Casta Gilda e Casta Crypto;<\/p>\n\n\n\n<p>Roberto Spinelli \u2013 Founder da PandorIA e Partner, Host e Speaker da TekTalks.<\/p>\n","protected":false},"excerpt":{"rendered":"<p>Brasil lidera o crescimento do mercado de tecnologia na Am\u00e9rica Latina em 2024, com uma taxa esperada de 12% O aumento na quantidade de eventos de tecnologia est\u00e1 diretamente ligado ao crescimento deste mercado no Brasil. De acordo com um&nbsp;estudo&nbsp;de uma consultoria especializada em tecnologia, a International Data Corporation (IDC), o Brasil est\u00e1 entre os [&hellip;]<\/p>\n","protected":false},"author":2,"featured_media":2111,"comment_status":"open","ping_status":"open","sticky":false,"template":"","format":"standard","meta":{"footnotes":""},"categories":[23],"tags":[],"class_list":{"0":"post-2110","1":"post","2":"type-post","3":"status-publish","4":"format-standard","5":"has-post-thumbnail","7":"category-feirasdenegocios"},"_links":{"self":[{"href":"https:\/\/tveventos.tv.br\/index.php?rest_route=\/wp\/v2\/posts\/2110","targetHints":{"allow":["GET"]}}],"collection":[{"href":"https:\/\/tveventos.tv.br\/index.php?rest_route=\/wp\/v2\/posts"}],"about":[{"href":"https:\/\/tveventos.tv.br\/index.php?rest_route=\/wp\/v2\/types\/post"}],"author":[{"embeddable":true,"href":"https:\/\/tveventos.tv.br\/index.php?rest_route=\/wp\/v2\/users\/2"}],"replies":[{"embeddable":true,"href":"https:\/\/tveventos.tv.br\/index.php?rest_route=%2Fwp%2Fv2%2Fcomments&post=2110"}],"version-history":[{"count":1,"href":"https:\/\/tveventos.tv.br\/index.php?rest_route=\/wp\/v2\/posts\/2110\/revisions"}],"predecessor-version":[{"id":2112,"href":"https:\/\/tveventos.tv.br\/index.php?rest_route=\/wp\/v2\/posts\/2110\/revisions\/2112"}],"wp:featuredmedia":[{"embeddable":true,"href":"https:\/\/tveventos.tv.br\/index.php?rest_route=\/wp\/v2\/media\/2111"}],"wp:attachment":[{"href":"https:\/\/tveventos.tv.br\/index.php?rest_route=%2Fwp%2Fv2%2Fmedia&parent=2110"}],"wp:term":[{"taxonomy":"category","embeddable":true,"href":"https:\/\/tveventos.tv.br\/index.php?rest_route=%2Fwp%2Fv2%2Fcategories&post=2110"},{"taxonomy":"post_tag","embeddable":true,"href":"https:\/\/tveventos.tv.br\/index.php?rest_route=%2Fwp%2Fv2%2Ftags&post=2110"}],"curies":[{"name":"wp","href":"https:\/\/api.w.org\/{rel}","templated":true}]}}