{"id":2118,"date":"2024-05-29T17:07:17","date_gmt":"2024-05-29T20:07:17","guid":{"rendered":"https:\/\/tveventos.tv.br\/?p=2118"},"modified":"2024-05-29T17:07:20","modified_gmt":"2024-05-29T20:07:20","slug":"sjc-oferece-servicos-e-orientacao-na-23a-feira-cultural-da-diversidade","status":"publish","type":"post","link":"https:\/\/tveventos.tv.br\/?p=2118","title":{"rendered":"SJC oferece servi\u00e7os e orienta\u00e7\u00e3o na 23\u00aa Feira Cultural da Diversidade"},"content":{"rendered":"\n<p><em>Participantes poder\u00e3o emitir documentos e tirar d\u00favidas sobre programas e servi\u00e7os oferecidos pelo Estado<\/em>.<\/p>\n\n\n\n<p>A Secretaria da Justi\u00e7a e Cidadania (SJC), por meio de suas coordena\u00e7\u00f5es e programas, vai disponibilizar servi\u00e7os de documenta\u00e7\u00e3o e orienta\u00e7\u00e3o em Direitos para a popula\u00e7\u00e3o na 23\u00aa edi\u00e7\u00e3o da Feira Cultural da Diversidade LGBT+.<\/p>\n\n\n\n<p>Os atendimentos ocorrer\u00e3o no estande reservado ao Governo do Estado de S\u00e3o Paulo nesta quinta-feira (30\/05), no Memorial da Am\u00e9rica Latina, das 10h30 \u00e0s 21h, com entrada gratuita e pr\u00e9-cadastro na Sympla, pelo link:<\/p>\n\n\n\n<p><a href=\"https:\/\/www.sympla.com.br\/evento\/23-feira-cultural-da-diversidade-lgbt\/2412027\">https:\/\/www.sympla.com.br\/evento\/23-feira-cultural-da-diversidade-lgbt\/2412027<\/a><\/p>\n\n\n\n<p>A equipe da Coordena\u00e7\u00e3o de Pol\u00edticas para a Diversidade Sexual (CPDS) vai orientar os frequentadores da feira sobre os direitos garantidos \u00e0 popula\u00e7\u00e3o LGBT+, como a Lei 10.948\/2001, que disp\u00f5e sobre as penalidades a serem aplicadas \u00e0 pr\u00e1tica de discrimina\u00e7\u00e3o em raz\u00e3o de orienta\u00e7\u00e3o sexual.<\/p>\n\n\n\n<p>A Coordenadoria de Pol\u00edticas para a Popula\u00e7\u00e3o Negra (CPPN) abordar\u00e1 a Lei 14.187\/2010, que trata das penalidades administrativas aplicadas em casos de discrimina\u00e7\u00e3o racial. J\u00e1 o Centro de Refer\u00eancia e Apoio \u00e0 V\u00edtima (CRAVI) divulgar\u00e1 seus servi\u00e7os de atendimento psicossocial e jur\u00eddico \u00e0s v\u00edtimas diretas e indiretas de crimes contra a vida, como feminic\u00eddios, homic\u00eddios e latroc\u00ednios.&nbsp;<\/p>\n\n\n\n<p>Uma van do Cidadania Itinerante levar\u00e1 para a feira servi\u00e7os de documenta\u00e7\u00e3o essenciais para o exerc\u00edcio da cidadania, como agendamento de 1.\u00aa e 2.\u00aa via de RG; agendamento de 2.\u00aa via de CNH; agendamento na Receita Federal; atestado de antecedentes criminais; consulta no Serasa; elabora\u00e7\u00e3o de curr\u00edculo; emiss\u00e3o 2.\u00aa via de CPF e t\u00edtulo de eleitor; emiss\u00e3o de 2.\u00aa via de contas (\u00e1gua e luz); dentre outros.<\/p>\n\n\n\n<p>Al\u00e9m da emiss\u00e3o de documentos, os participantes da feira tamb\u00e9m ter\u00e3o acesso a informa\u00e7\u00f5es sobre a sa\u00fade integral da popula\u00e7\u00e3o LGBT, oficinas de capacita\u00e7\u00e3o, e atividades culturais, incluindo uma exposi\u00e7\u00e3o fotogr\u00e1fica. Das 14h10 \u00e0s 14h50, ser\u00e3o realizadas interven\u00e7\u00f5es art\u00edsticas no palco da programa\u00e7\u00e3o oficial da feira, com apresenta\u00e7\u00f5es de artistas participantes dos programas desenvolvidos pelas secretarias estaduais e organiza\u00e7\u00f5es parceiras.<\/p>\n\n\n\n<p>A 23\u00aa Feira Cultural da Diversidade LGBT+ \u00e9 uma realiza\u00e7\u00e3o da Associa\u00e7\u00e3o da Parada do Orgulho LGBT de S\u00e3o Paulo (APOLGBT-SP), com o apoio do Governo do Estado de S\u00e3o Paulo, da Secretaria da Cultura, Economia e Ind\u00fastria Criativas e da Prefeitura da Cidade de S\u00e3o Paulo.<\/p>\n\n\n\n<p><strong>Feira Cultural da Diversidade LGBT+<\/strong><\/p>\n\n\n\n<p>A Feira Cultural da Diversidade LGBT+ re\u00fane milhares de pessoas para celebrar a diversidade, o empreendedorismo e a cultura. Com uma plataforma gratuita para empreendedores e artistas LGBT+ apresentarem seus produtos, servi\u00e7os e talentos, o evento contar\u00e1 com mais de 200 expositores, al\u00e9m de apresenta\u00e7\u00f5es musicais, teatrais, de dan\u00e7a, workshops, palestras, debates com especialistas e ativistas, atividades de conscientiza\u00e7\u00e3o e engajamento social.<\/p>\n\n\n\n<p>O evento conta ainda com a presen\u00e7a de ONGs e institui\u00e7\u00f5es, como o Instituto Mais Diversidade, a Comiss\u00e3o de Diversidade Sexual e de G\u00eanero da OAB SP, o IBRAT, o Centro Cultural da Diversidade e o Museu da Diversidade Sexual.<\/p>\n\n\n\n<p><strong>Servi\u00e7o<\/strong><\/p>\n\n\n\n<p>Data: 30 de maio, quinta-feira (feriado de Corpus Christi)<\/p>\n\n\n\n<p>Hor\u00e1rio: 10h30 \u00e0s 21h<\/p>\n\n\n\n<p>Local: Memorial da Am\u00e9rica Latina &#8211; Av. Auro Soares de Moura Andrade, 660 &#8211; Barra Funda, S\u00e3o Paulo &#8211; SP<\/p>\n\n\n\n<p>Entrada gratuita<\/p>\n\n\n\n<p>Pr\u00e9-cadastro:<\/p>\n\n\n\n<p><a href=\"https:\/\/www.sympla.com.br\/evento\/23-feira-cultural-da-diversidade-lgbt\/2412027\">https:\/\/www.sympla.com.br\/evento\/23-feira-cultural-da-diversidade-lgbt\/2412027<\/a><\/p>\n","protected":false},"excerpt":{"rendered":"<p>Participantes poder\u00e3o emitir documentos e tirar d\u00favidas sobre programas e servi\u00e7os oferecidos pelo Estado. A Secretaria da Justi\u00e7a e Cidadania (SJC), por meio de suas coordena\u00e7\u00f5es e programas, vai disponibilizar servi\u00e7os de documenta\u00e7\u00e3o e orienta\u00e7\u00e3o em Direitos para a popula\u00e7\u00e3o na 23\u00aa edi\u00e7\u00e3o da Feira Cultural da Diversidade LGBT+. Os atendimentos ocorrer\u00e3o no estande reservado [&hellip;]<\/p>\n","protected":false},"author":3,"featured_media":2119,"comment_status":"open","ping_status":"open","sticky":false,"template":"","format":"standard","meta":{"footnotes":""},"categories":[23],"tags":[],"class_list":{"0":"post-2118","1":"post","2":"type-post","3":"status-publish","4":"format-standard","5":"has-post-thumbnail","7":"category-feirasdenegocios"},"_links":{"self":[{"href":"https:\/\/tveventos.tv.br\/index.php?rest_route=\/wp\/v2\/posts\/2118","targetHints":{"allow":["GET"]}}],"collection":[{"href":"https:\/\/tveventos.tv.br\/index.php?rest_route=\/wp\/v2\/posts"}],"about":[{"href":"https:\/\/tveventos.tv.br\/index.php?rest_route=\/wp\/v2\/types\/post"}],"author":[{"embeddable":true,"href":"https:\/\/tveventos.tv.br\/index.php?rest_route=\/wp\/v2\/users\/3"}],"replies":[{"embeddable":true,"href":"https:\/\/tveventos.tv.br\/index.php?rest_route=%2Fwp%2Fv2%2Fcomments&post=2118"}],"version-history":[{"count":1,"href":"https:\/\/tveventos.tv.br\/index.php?rest_route=\/wp\/v2\/posts\/2118\/revisions"}],"predecessor-version":[{"id":2120,"href":"https:\/\/tveventos.tv.br\/index.php?rest_route=\/wp\/v2\/posts\/2118\/revisions\/2120"}],"wp:featuredmedia":[{"embeddable":true,"href":"https:\/\/tveventos.tv.br\/index.php?rest_route=\/wp\/v2\/media\/2119"}],"wp:attachment":[{"href":"https:\/\/tveventos.tv.br\/index.php?rest_route=%2Fwp%2Fv2%2Fmedia&parent=2118"}],"wp:term":[{"taxonomy":"category","embeddable":true,"href":"https:\/\/tveventos.tv.br\/index.php?rest_route=%2Fwp%2Fv2%2Fcategories&post=2118"},{"taxonomy":"post_tag","embeddable":true,"href":"https:\/\/tveventos.tv.br\/index.php?rest_route=%2Fwp%2Fv2%2Ftags&post=2118"}],"curies":[{"name":"wp","href":"https:\/\/api.w.org\/{rel}","templated":true}]}}