{"id":2122,"date":"2024-05-29T18:30:45","date_gmt":"2024-05-29T21:30:45","guid":{"rendered":"https:\/\/tveventos.tv.br\/?p=2122"},"modified":"2024-05-29T18:30:50","modified_gmt":"2024-05-29T21:30:50","slug":"22a-edicao-do-hr-first-class-aborda-o-compromisso-do-setor-de-rh-com-o-impacto-social","status":"publish","type":"post","link":"https:\/\/tveventos.tv.br\/?p=2122","title":{"rendered":"22\u00aa edi\u00e7\u00e3o do HR First Class aborda o compromisso do setor de RH com o impacto social"},"content":{"rendered":"\n<p><em>Encontro que re\u00fane os maiores l\u00edderes de Recursos Humanos de todo o Brasil, ter\u00e1 palestrantes da Gerando Falc\u00f5es, Instituto Hortense, LIDE e Ambev.<\/em><\/p>\n\n\n\n<p>A 22\u00aa edi\u00e7\u00e3o do HR First Class, um dos maiores eventos de Recursos Humanos do Brasil, acontecer\u00e1 no dia 06 de junho, em S\u00e3o Paulo, e ter\u00e1 como tema principal o compromisso do RH com o Impacto Social. O encontro re\u00fane Heads e lideran\u00e7as de RH de todo o pa\u00eds e visa debater quest\u00f5es que est\u00e3o presentes no dia a dia das corpora\u00e7\u00f5es e no universo de Recursos Humanos.<\/p>\n\n\n\n<p>Um relat\u00f3rio da McKinsey &amp; Company aponta que empresas com alta diversidade racial e \u00e9tnica t\u00eam 35% mais chances de ter rendimentos acima da m\u00e9dia do seu setor. Al\u00e9m disso, organiza\u00e7\u00f5es com diversidade de g\u00eanero t\u00eam 15% mais oportunidades de obter resultados acima da m\u00e9dia.<\/p>\n\n\n\n<p>Empresas de todo o mundo est\u00e3o cada vez mais atentas \u00e0 import\u00e2ncia de seu papel social, levando em considera\u00e7\u00e3o, principalmente, o impacto que geram na vida de seus funcion\u00e1rios, na sociedade e no mercado, pois, h\u00e1 um efeito direto na din\u00e2mica dos neg\u00f3cios. De acordo com a McKinsey, empresas com altos desempenhos em crit\u00e9rios ESG (Ambiental, Social e Governan\u00e7a) frequentemente apresentam valor de mercado superior devido \u00e0 maior efici\u00eancia de recursos, redu\u00e7\u00e3o de custos e melhor relacionamento regulat\u00f3rio.<\/p>\n\n\n\n<p>Iniciativas diretamente ligadas ao setor de Recursos Humanos, como pol\u00edticas bem elaboradas em \u00e1reas como diversidade e inclus\u00e3o, bem-estar dos funcion\u00e1rios, desenvolvimento de habilidades e sustentabilidade n\u00e3o s\u00f3 beneficiam os empregados, mas tamb\u00e9m contribuem para uma sociedade mais justa e equitativa.<\/p>\n\n\n\n<p>Para aprofundar a discuss\u00e3o sobre o tema, a 22\u00aa edi\u00e7\u00e3o do HR First Class ter\u00e1 como palestrantes: o cantor L\u00e9o Chaves \u2013 fundador do Instituto Hortense, Edu Lyra \u2013 fundador da Gerando Falc\u00f5es, Michele Franca \u2013 diretora de Ecossistema e Inclus\u00e3o na Ambev, e Ivan Lima \u2013 presidente do LIDE Equidade Racial. No dia, ser\u00e1 realizada uma pesquisa em tempo real e divulgada no evento.<\/p>\n\n\n\n<p>O HR First Class j\u00e1 impactou mais de 4 mil l\u00edderes de RH e executivos de alta gest\u00e3o de empresas ao longo de sua hist\u00f3ria. Realizado pela Scaldelai Projetos de Crescimento, o HR conta com o patroc\u00ednio m\u00e1ster da Safe Care, empresa especializada em gest\u00e3o integrada e auditoria do benef\u00edcio sa\u00fade.<\/p>\n","protected":false},"excerpt":{"rendered":"<p>Encontro que re\u00fane os maiores l\u00edderes de Recursos Humanos de todo o Brasil, ter\u00e1 palestrantes da Gerando Falc\u00f5es, Instituto Hortense, LIDE e Ambev. A 22\u00aa edi\u00e7\u00e3o do HR First Class, um dos maiores eventos de Recursos Humanos do Brasil, acontecer\u00e1 no dia 06 de junho, em S\u00e3o Paulo, e ter\u00e1 como tema principal o compromisso [&hellip;]<\/p>\n","protected":false},"author":3,"featured_media":2123,"comment_status":"open","ping_status":"open","sticky":false,"template":"","format":"standard","meta":{"footnotes":""},"categories":[23],"tags":[],"class_list":{"0":"post-2122","1":"post","2":"type-post","3":"status-publish","4":"format-standard","5":"has-post-thumbnail","7":"category-feirasdenegocios"},"_links":{"self":[{"href":"https:\/\/tveventos.tv.br\/index.php?rest_route=\/wp\/v2\/posts\/2122","targetHints":{"allow":["GET"]}}],"collection":[{"href":"https:\/\/tveventos.tv.br\/index.php?rest_route=\/wp\/v2\/posts"}],"about":[{"href":"https:\/\/tveventos.tv.br\/index.php?rest_route=\/wp\/v2\/types\/post"}],"author":[{"embeddable":true,"href":"https:\/\/tveventos.tv.br\/index.php?rest_route=\/wp\/v2\/users\/3"}],"replies":[{"embeddable":true,"href":"https:\/\/tveventos.tv.br\/index.php?rest_route=%2Fwp%2Fv2%2Fcomments&post=2122"}],"version-history":[{"count":1,"href":"https:\/\/tveventos.tv.br\/index.php?rest_route=\/wp\/v2\/posts\/2122\/revisions"}],"predecessor-version":[{"id":2124,"href":"https:\/\/tveventos.tv.br\/index.php?rest_route=\/wp\/v2\/posts\/2122\/revisions\/2124"}],"wp:featuredmedia":[{"embeddable":true,"href":"https:\/\/tveventos.tv.br\/index.php?rest_route=\/wp\/v2\/media\/2123"}],"wp:attachment":[{"href":"https:\/\/tveventos.tv.br\/index.php?rest_route=%2Fwp%2Fv2%2Fmedia&parent=2122"}],"wp:term":[{"taxonomy":"category","embeddable":true,"href":"https:\/\/tveventos.tv.br\/index.php?rest_route=%2Fwp%2Fv2%2Fcategories&post=2122"},{"taxonomy":"post_tag","embeddable":true,"href":"https:\/\/tveventos.tv.br\/index.php?rest_route=%2Fwp%2Fv2%2Ftags&post=2122"}],"curies":[{"name":"wp","href":"https:\/\/api.w.org\/{rel}","templated":true}]}}