{"id":2125,"date":"2024-06-03T12:05:23","date_gmt":"2024-06-03T15:05:23","guid":{"rendered":"https:\/\/tveventos.tv.br\/?p=2125"},"modified":"2024-06-03T12:05:25","modified_gmt":"2024-06-03T15:05:25","slug":"church-tech-expo","status":"publish","type":"post","link":"https:\/\/tveventos.tv.br\/?p=2125","title":{"rendered":"Church Tech Expo"},"content":{"rendered":"\n<p>O Congresso Church Tech Expo \u00e9 um f\u00f3rum de atualiza\u00e7\u00e3o profissional, difus\u00e3o do conhecimento e promo\u00e7\u00e3o de tecnologias destinado a l\u00edderes e membros de religi\u00f5es, minist\u00e9rios, equipes t\u00e9cnicas e de projeto.<\/p>\n\n\n\n<p>Com mais de 100 horas de programa\u00e7\u00e3o e 80 palestrantes em 65 sess\u00f5es, debates e palestras, s\u00e3o destacados temas como: Ac\u00fastica e Inteligibilidade; Sistemas de PA e Sonoriza\u00e7\u00e3o; Produ\u00e7\u00e3o de Apresenta\u00e7\u00f5es Musicais; Mixagem e Grava\u00e7\u00e3o; Configura\u00e7\u00e3o de microfones; Produ\u00e7\u00e3o HD e 4K Ao Vivo; Streaming; Switcher e Rob\u00f3tica; Proje\u00e7\u00e3o; M\u00eddias Sociais; Infraestruturas IP; Digital Signage; Automa\u00e7\u00e3o; Ilumina\u00e7\u00e3o; Infraestrutura e Seguran\u00e7a.<\/p>\n\n\n\n<p>Junte-se a n\u00f3s nos dias \u00a005 e 06 de junho das 12h \u00e0s 20h no Pro Magno.<\/p>\n\n\n\n<p>Endere\u00e7o:\u00a0 Avenida Professora Ida Kolb 513, S\u00e3o Paulo, S\u00e3o Paulo, 02518-000.<\/p>\n","protected":false},"excerpt":{"rendered":"<p>O Congresso Church Tech Expo \u00e9 um f\u00f3rum de atualiza\u00e7\u00e3o profissional, difus\u00e3o do conhecimento e promo\u00e7\u00e3o de tecnologias destinado a l\u00edderes e membros de religi\u00f5es, minist\u00e9rios, equipes t\u00e9cnicas e de projeto. Com mais de 100 horas de programa\u00e7\u00e3o e 80 palestrantes em 65 sess\u00f5es, debates e palestras, s\u00e3o destacados temas como: Ac\u00fastica e Inteligibilidade; Sistemas [&hellip;]<\/p>\n","protected":false},"author":2,"featured_media":2126,"comment_status":"open","ping_status":"open","sticky":false,"template":"","format":"standard","meta":{"footnotes":""},"categories":[25],"tags":[],"class_list":{"0":"post-2125","1":"post","2":"type-post","3":"status-publish","4":"format-standard","5":"has-post-thumbnail","7":"category-calendariodeeventos"},"_links":{"self":[{"href":"https:\/\/tveventos.tv.br\/index.php?rest_route=\/wp\/v2\/posts\/2125","targetHints":{"allow":["GET"]}}],"collection":[{"href":"https:\/\/tveventos.tv.br\/index.php?rest_route=\/wp\/v2\/posts"}],"about":[{"href":"https:\/\/tveventos.tv.br\/index.php?rest_route=\/wp\/v2\/types\/post"}],"author":[{"embeddable":true,"href":"https:\/\/tveventos.tv.br\/index.php?rest_route=\/wp\/v2\/users\/2"}],"replies":[{"embeddable":true,"href":"https:\/\/tveventos.tv.br\/index.php?rest_route=%2Fwp%2Fv2%2Fcomments&post=2125"}],"version-history":[{"count":1,"href":"https:\/\/tveventos.tv.br\/index.php?rest_route=\/wp\/v2\/posts\/2125\/revisions"}],"predecessor-version":[{"id":2127,"href":"https:\/\/tveventos.tv.br\/index.php?rest_route=\/wp\/v2\/posts\/2125\/revisions\/2127"}],"wp:featuredmedia":[{"embeddable":true,"href":"https:\/\/tveventos.tv.br\/index.php?rest_route=\/wp\/v2\/media\/2126"}],"wp:attachment":[{"href":"https:\/\/tveventos.tv.br\/index.php?rest_route=%2Fwp%2Fv2%2Fmedia&parent=2125"}],"wp:term":[{"taxonomy":"category","embeddable":true,"href":"https:\/\/tveventos.tv.br\/index.php?rest_route=%2Fwp%2Fv2%2Fcategories&post=2125"},{"taxonomy":"post_tag","embeddable":true,"href":"https:\/\/tveventos.tv.br\/index.php?rest_route=%2Fwp%2Fv2%2Ftags&post=2125"}],"curies":[{"name":"wp","href":"https:\/\/api.w.org\/{rel}","templated":true}]}}