{"id":2132,"date":"2024-06-03T15:04:16","date_gmt":"2024-06-03T18:04:16","guid":{"rendered":"https:\/\/tveventos.tv.br\/?p=2132"},"modified":"2024-06-03T15:04:20","modified_gmt":"2024-06-03T18:04:20","slug":"exposec-2024-e-o-maior-palco-das-novas-tecnologias-em-seguranca-publica-e-privada-na-america-latina","status":"publish","type":"post","link":"https:\/\/tveventos.tv.br\/?p=2132","title":{"rendered":"Exposec 2024 \u00e9 o maior palco das novas tecnologias em seguran\u00e7a p\u00fablica e privada na Am\u00e9rica Latina"},"content":{"rendered":"\n<p><em>Maior feira internacional de seguran\u00e7a da Am\u00e9rica Latina acontece de 4 a 6 de junho, no S\u00e3o Paulo Expo; organiza\u00e7\u00e3o espera receber mais de 45 mil visitantes<\/em>.<\/p>\n\n\n\n<p>Na seguran\u00e7a pessoal e patrimonial n\u00e3o pode haver espa\u00e7o para falhas e a evolu\u00e7\u00e3o tecnol\u00f3gica tem sido uma aliada fundamental para que sistemas e equipamentos de seguran\u00e7a sejam cada vez mais completos. Com o aux\u00edlio da intelig\u00eancia artificial (IA), as solu\u00e7\u00f5es se tornaram capazes de superar desafios que antes eram quase imposs\u00edveis. O impacto da inova\u00e7\u00e3o no setor, assim como os principais lan\u00e7amentos, ser\u00e3o os protagonistas da 25\u00aa edi\u00e7\u00e3o da Exposec &#8211; Feira Internacional de Seguran\u00e7a, que abrir\u00e1 as portas do S\u00e3o Paulo Expo entre os dias 4 e 6 de junho, na capital paulista.<br>&nbsp;<\/p>\n\n\n\n<p>Organizada pela Fiera Milano Brasil e realizada pela Associa\u00e7\u00e3o Brasileira das Empresas de Sistemas Eletr\u00f4nicos de Seguran\u00e7a (Abese), a Exposec 2024 vai reunir as mais recentes tecnologias, produtos e servi\u00e7os para o setor de seguran\u00e7a latinoamericano, al\u00e9m de atrair compradores, nacionais e internacionais, de toda a cadeia produtiva.<br>&nbsp;<\/p>\n\n\n\n<p>&#8220;O impacto da intelig\u00eancia artificial \u00e9 ineg\u00e1vel, sobretudo quando pensamos na seguran\u00e7a p\u00fablica e em grandes eventos. O \u00faltimo Panorama do Setor de Seguran\u00e7a Eletr\u00f4nica, divulgado pela Abese, mostra que 54% de todos os produtos de seguran\u00e7a fabricados no Brasil j\u00e1 possuem recursos de IA embarcados. H\u00e1 uma demanda crescente por solu\u00e7\u00f5es que promovem an\u00e1lises mais aprimoradas e respostas em tempo real, e o mercado est\u00e1 pronto para atend\u00ea-las. A Exposec ser\u00e1 uma excelente oportunidade para que o p\u00fablico conhe\u00e7a o que j\u00e1 existe e est\u00e1 dispon\u00edvel para qualificar os projetos de seguran\u00e7a&#8221;, confirma Selma Migliori, presidente da Abese.<br>&nbsp;<\/p>\n\n\n\n<p>Para Maur\u00edcio Macedo, CEO da Fiera Milano Brasil, esta edi\u00e7\u00e3o consolida a relev\u00e2ncia do evento para o setor, sobretudo pela variedade de marcas participantes, com destaque para as de ciberseguran\u00e7a, bem como as empresas internacionais. \u201cH\u00e1 bastante tempo que estamos constatando o crescente potencial do setor, sendo palco de importantes inova\u00e7\u00f5es que impactam em todos os segmentos de seguran\u00e7a\u201d.<br>&nbsp;<\/p>\n\n\n\n<p><strong>Expectativas para 2024<\/strong><\/p>\n\n\n\n<p>Com 95% da \u00e1rea total ocupada e 35 mil visitantes pr\u00e9-credenciados para a maior feira de seguran\u00e7a da Am\u00e9rica Latina, o novo gerente da feira Augusto Andrade, informa que a organiza\u00e7\u00e3o espera reunir 800 marcas expositoras e receber mais de 45 mil profissionais do setor que ter\u00e3o oportunidade de fortalecer suas redes de contato e ampliar experi\u00eancias nas \u00faltimas tend\u00eancias nos segmentos de Seguran\u00e7a Eletr\u00f4nica, Privada, Pessoal, P\u00fablica, Patrimonial e Empresarial.<br>&nbsp;<\/p>\n\n\n\n<p>\u201cA Exposec \u00e9 o local ideal para empresas do setor de seguran\u00e7a buscarem oportunidades de neg\u00f3cios, networking e exposi\u00e7\u00e3o de suas tecnologias e servi\u00e7os. Participar deste evento \u00e9 crucial para expandir a visibilidade da empresa, estabelecer parcerias estrat\u00e9gicas, conhecer as \u00faltimas tend\u00eancias do mercado e interagir com potenciais clientes nacionais e internacionais\u201d, ressalta o profissional que coleciona 20 anos de experi\u00eancia no setor, j\u00e1 tendo trabalhado nas principais promotoras de feiras de diversos setores da ind\u00fastria, liderando equipes multidisciplinares, desde opera\u00e7\u00f5es at\u00e9 a alta gest\u00e3o e de diferentes culturas ao redor do mundo.<br>&nbsp;<\/p>\n\n\n\n<p>De acordo com Andrade, a ampla \u00e1rea de exposi\u00e7\u00e3o proporciona uma excelente oportunidade para demonstrar produtos e servi\u00e7os, gerar <em>leads<\/em> qualificados e fortalecer a presen\u00e7a da marca no mercado de seguran\u00e7a. \u201cA participa\u00e7\u00e3o na Exposec pode impulsionar significativamente os neg\u00f3cios no setor de seguran\u00e7a, sendo um investimento valioso para empresas que desejam se destacar e expandir seus horizontes\u201d, afirma. O profissional ainda destaca que as novas tecnologias ser\u00e3o a grande tend\u00eancia do setor neste ano e tamb\u00e9m nos pr\u00f3ximos, dada a rapidez com que foram absorvidas e a falta de sinais de desacelera\u00e7\u00e3o.<br>&nbsp;<\/p>\n\n\n\n<p><strong>De olho no futuro<\/strong><\/p>\n\n\n\n<p>De acordo com a presidente da Abese, Selma Migliori, a expectativa para 2024 \u00e9 que o setor de seguran\u00e7a cres\u00e7a 18,5%, impulsionado pela absor\u00e7\u00e3o das solu\u00e7\u00f5es de seguran\u00e7a eletr\u00f4nica em cada vez mais setores, como portarias eletr\u00f4nicas para condom\u00ednios, c\u00e2meras corporais utilizadas em agentes policiais, a ado\u00e7\u00e3o generalizada de sistemas de reconhecimento facial para controle de acesso em empresas, centros educacionais e eventos, entre outros. O segmento, ali\u00e1s, tem muito a comemorar, j\u00e1 que em 2023 fechou com um faturamento de mais de R$ 12 bilh\u00f5es e crescimento m\u00e9dio de 13,75%.<br>&nbsp;<\/p>\n\n\n\n<p>De olho no futuro, para a Exposec 2025 a Abese j\u00e1 anunciou a amplia\u00e7\u00e3o do setor de automa\u00e7\u00e3o, al\u00e9m do lan\u00e7amento dos setores de IA, Ciberseguran\u00e7a e Internet Service Provider, voltado aos pequenos provedores de acesso \u00e0 internet. &#8220;Essas tecnologias j\u00e1 est\u00e3o presentes, mas entendemos que \u00e9 a hora de estruturar um espa\u00e7o ainda maior e mais espec\u00edfico para esses recursos que, direta ou indiretamente, est\u00e3o relacionados com o crescimento e aplica\u00e7\u00e3o da seguran\u00e7a eletr\u00f4nica pelo Brasil, como \u00e9 o caso dos pequenos provedores. Por isso, j\u00e1 nesta edi\u00e7\u00e3o, contaremos com a participa\u00e7\u00e3o da Associa\u00e7\u00e3o Brasileira de Provedores de Internet e Telecomunica\u00e7\u00f5es (Abrint)&#8221;, revela.<br>&nbsp;<\/p>\n\n\n\n<p><strong>Eventos, atra\u00e7\u00f5es e players do mercado<\/strong><\/p>\n\n\n\n<p>Durante os tr\u00eas dias da feira haver\u00e1 tamb\u00e9m uma programa\u00e7\u00e3o variada de palestras com temas envolvendo seguran\u00e7a p\u00fablica no Brasil, edifica\u00e7\u00f5es mais inteligentes, inova\u00e7\u00f5es em redes, entre outros. No Arena Drone o p\u00fablico poder\u00e1 acompanhar as demonstra\u00e7\u00f5es desses equipamentos, apresentando todas as suas funcionalidades e aplica\u00e7\u00f5es em seguran\u00e7a.<br>&nbsp;<\/p>\n\n\n\n<p>No total, pelo menos 24 segmentos do setor ter\u00e3o lugares garantidos para seus respectivos expositores como os de controle de acesso, automa\u00e7\u00e3o, seguran\u00e7a eletr\u00f4nica, sistemas de identifica\u00e7\u00e3o, intelig\u00eancia industrial, seguran\u00e7a da informa\u00e7\u00e3o, centros de monitoramento, cofres, portas e fechaduras de seguran\u00e7a, vigil\u00e2ncia, entre outros.<\/p>\n\n\n\n<p><strong>Servi\u00e7o<\/strong><\/p>\n\n\n\n<p>Data: 4 a 6 de junho<\/p>\n\n\n\n<p>Hor\u00e1rio: das 13h \u00e0s 20h<\/p>\n\n\n\n<p>Local: S\u00e3o Paulo Expo<\/p>\n\n\n\n<p>Endere\u00e7o: Rod. dos Imigrantes, km 1,5 \u2013 Vila \u00c1gua Funda, S\u00e3o Paulo \u2013 SP<\/p>\n\n\n\n<p>Mais informa\u00e7\u00f5es acesse <a href=\"https:\/\/www.exposec.com.br\/\">aqui<\/a><\/p>\n","protected":false},"excerpt":{"rendered":"<p>Maior feira internacional de seguran\u00e7a da Am\u00e9rica Latina acontece de 4 a 6 de junho, no S\u00e3o Paulo Expo; organiza\u00e7\u00e3o espera receber mais de 45 mil visitantes. Na seguran\u00e7a pessoal e patrimonial n\u00e3o pode haver espa\u00e7o para falhas e a evolu\u00e7\u00e3o tecnol\u00f3gica tem sido uma aliada fundamental para que sistemas e equipamentos de seguran\u00e7a sejam [&hellip;]<\/p>\n","protected":false},"author":3,"featured_media":2133,"comment_status":"open","ping_status":"open","sticky":false,"template":"","format":"standard","meta":{"footnotes":""},"categories":[23],"tags":[],"class_list":{"0":"post-2132","1":"post","2":"type-post","3":"status-publish","4":"format-standard","5":"has-post-thumbnail","7":"category-feirasdenegocios"},"_links":{"self":[{"href":"https:\/\/tveventos.tv.br\/index.php?rest_route=\/wp\/v2\/posts\/2132","targetHints":{"allow":["GET"]}}],"collection":[{"href":"https:\/\/tveventos.tv.br\/index.php?rest_route=\/wp\/v2\/posts"}],"about":[{"href":"https:\/\/tveventos.tv.br\/index.php?rest_route=\/wp\/v2\/types\/post"}],"author":[{"embeddable":true,"href":"https:\/\/tveventos.tv.br\/index.php?rest_route=\/wp\/v2\/users\/3"}],"replies":[{"embeddable":true,"href":"https:\/\/tveventos.tv.br\/index.php?rest_route=%2Fwp%2Fv2%2Fcomments&post=2132"}],"version-history":[{"count":1,"href":"https:\/\/tveventos.tv.br\/index.php?rest_route=\/wp\/v2\/posts\/2132\/revisions"}],"predecessor-version":[{"id":2134,"href":"https:\/\/tveventos.tv.br\/index.php?rest_route=\/wp\/v2\/posts\/2132\/revisions\/2134"}],"wp:featuredmedia":[{"embeddable":true,"href":"https:\/\/tveventos.tv.br\/index.php?rest_route=\/wp\/v2\/media\/2133"}],"wp:attachment":[{"href":"https:\/\/tveventos.tv.br\/index.php?rest_route=%2Fwp%2Fv2%2Fmedia&parent=2132"}],"wp:term":[{"taxonomy":"category","embeddable":true,"href":"https:\/\/tveventos.tv.br\/index.php?rest_route=%2Fwp%2Fv2%2Fcategories&post=2132"},{"taxonomy":"post_tag","embeddable":true,"href":"https:\/\/tveventos.tv.br\/index.php?rest_route=%2Fwp%2Fv2%2Ftags&post=2132"}],"curies":[{"name":"wp","href":"https:\/\/api.w.org\/{rel}","templated":true}]}}