{"id":2137,"date":"2024-06-03T16:24:51","date_gmt":"2024-06-03T19:24:51","guid":{"rendered":"https:\/\/tveventos.tv.br\/?p=2137"},"modified":"2024-06-03T16:24:53","modified_gmt":"2024-06-03T19:24:53","slug":"expotea","status":"publish","type":"post","link":"https:\/\/tveventos.tv.br\/?p=2137","title":{"rendered":"EXPOTEA"},"content":{"rendered":"\n<p>Com foco na neurodiversidade e inclus\u00e3o, a miss\u00e3o da expotea \u00e9 clara: empoderar e unir. Se voc\u00ea \u00e9 um profissional da sa\u00fade em busca de atualiza\u00e7\u00e3o, uma empresa procurando tornar-se mais inclusiva, ou um familiar buscando apoio e orienta\u00e7\u00e3o, a expotea \u00e9 o seu lar.<\/p>\n\n\n\n<p>Junte-se a n\u00f3s, nos dias 07 \u00e0 09 de junho das 07h \u00e0s 20h no Expo Center Norte.&nbsp;<\/p>\n\n\n\n<p>Endere\u00e7o: Rua Jos\u00e9 Bernardo Pinto, 333 &#8211; Vila Guilherme, S\u00e3o Paulo &#8211; SP, 02055-000<\/p>\n","protected":false},"excerpt":{"rendered":"<p>Com foco na neurodiversidade e inclus\u00e3o, a miss\u00e3o da expotea \u00e9 clara: empoderar e unir. Se voc\u00ea \u00e9 um profissional da sa\u00fade em busca de atualiza\u00e7\u00e3o, uma empresa procurando tornar-se mais inclusiva, ou um familiar buscando apoio e orienta\u00e7\u00e3o, a expotea \u00e9 o seu lar. Junte-se a n\u00f3s, nos dias 07 \u00e0 09 de junho [&hellip;]<\/p>\n","protected":false},"author":3,"featured_media":2138,"comment_status":"open","ping_status":"open","sticky":false,"template":"","format":"standard","meta":{"footnotes":""},"categories":[25],"tags":[],"class_list":{"0":"post-2137","1":"post","2":"type-post","3":"status-publish","4":"format-standard","5":"has-post-thumbnail","7":"category-calendariodeeventos"},"_links":{"self":[{"href":"https:\/\/tveventos.tv.br\/index.php?rest_route=\/wp\/v2\/posts\/2137","targetHints":{"allow":["GET"]}}],"collection":[{"href":"https:\/\/tveventos.tv.br\/index.php?rest_route=\/wp\/v2\/posts"}],"about":[{"href":"https:\/\/tveventos.tv.br\/index.php?rest_route=\/wp\/v2\/types\/post"}],"author":[{"embeddable":true,"href":"https:\/\/tveventos.tv.br\/index.php?rest_route=\/wp\/v2\/users\/3"}],"replies":[{"embeddable":true,"href":"https:\/\/tveventos.tv.br\/index.php?rest_route=%2Fwp%2Fv2%2Fcomments&post=2137"}],"version-history":[{"count":1,"href":"https:\/\/tveventos.tv.br\/index.php?rest_route=\/wp\/v2\/posts\/2137\/revisions"}],"predecessor-version":[{"id":2139,"href":"https:\/\/tveventos.tv.br\/index.php?rest_route=\/wp\/v2\/posts\/2137\/revisions\/2139"}],"wp:featuredmedia":[{"embeddable":true,"href":"https:\/\/tveventos.tv.br\/index.php?rest_route=\/wp\/v2\/media\/2138"}],"wp:attachment":[{"href":"https:\/\/tveventos.tv.br\/index.php?rest_route=%2Fwp%2Fv2%2Fmedia&parent=2137"}],"wp:term":[{"taxonomy":"category","embeddable":true,"href":"https:\/\/tveventos.tv.br\/index.php?rest_route=%2Fwp%2Fv2%2Fcategories&post=2137"},{"taxonomy":"post_tag","embeddable":true,"href":"https:\/\/tveventos.tv.br\/index.php?rest_route=%2Fwp%2Fv2%2Ftags&post=2137"}],"curies":[{"name":"wp","href":"https:\/\/api.w.org\/{rel}","templated":true}]}}