{"id":2141,"date":"2024-06-04T11:17:28","date_gmt":"2024-06-04T14:17:28","guid":{"rendered":"https:\/\/tveventos.tv.br\/?p=2141"},"modified":"2024-06-04T11:17:40","modified_gmt":"2024-06-04T14:17:40","slug":"22a-feira-ebs-comeca-amanha-com-temas-atuais-do-mercado-de-eventos-e-oportunidades-de-negocios","status":"publish","type":"post","link":"https:\/\/tveventos.tv.br\/?p=2141","title":{"rendered":"22\u00aa Feira EBS come\u00e7a amanh\u00e3 com temas atuais do mercado de eventos e oportunidades de neg\u00f3cios"},"content":{"rendered":"\n<p class=\"has-text-align-center\"><em>Evento \u00e9 vitrine estrat\u00e9gica e radar de tend\u00eancias para mais de 80 fornecedores de mercado e representantes de destinos do turismo corporativo nacional<\/em><\/p>\n\n\n\n<p>O segmento MICE, sigla internacional para Meetings, Incentives, Conferences and Exhibitions, atraiu 6,670 milh\u00f5es de visitantes em 1.286 eventos em 2023, segundo dados da Uni\u00e3o Brasileira de Feiras e Eventos de Neg\u00f3cios (<a href=\"https:\/\/ubrafe.org.br\/noticias\/detalhes\/24890\/levantamento-ubrafe-registra-quase-7-milhoes-de-participantes-unicos-em-1286-eventos-com-foco-em-negocios.php\">UBRAFE<\/a>) em parceria com a SPTuris. O n\u00famero expressivo reflete tamb\u00e9m o crescimento do principal encontro do setor, a Feira EBS, que come\u00e7a amanh\u00e3 (5), em S\u00e3o Paulo, com 86 expositores, 20% a mais que a edi\u00e7\u00e3o anterior.<\/p>\n\n\n\n<p>Considerado ponto de conex\u00e3o em neg\u00f3cios e vitrine de tend\u00eancias tanto em MICE quanto em Treinamento &amp; Desenvolvimento, a programa\u00e7\u00e3o destaca o que h\u00e1 de mais atual para as opera\u00e7\u00f5es, incluindo avan\u00e7os em sustentabilidade e tecnologias, como tamb\u00e9m os movimentos comportamentais e de consumo, que fomentam a inova\u00e7\u00e3o de fornecedores para o desenvolvimento de solu\u00e7\u00f5es.<\/p>\n\n\n\n<p>\u201cA cada ano, reunimos especialistas no tema de eventos corporativos e incentivos para apresentar temas que pautam o mercado e v\u00eam apontando os pr\u00f3ximos rumos do setor. Al\u00e9m disso, a feira \u00e9 uma oportunidade para profissionais encontrarem solu\u00e7\u00f5es modernas e completas, contemplando tudo o que cada visitante precisa para a organiza\u00e7\u00e3o de um evento ou a\u00e7\u00e3o de incentivo. Diante da diversidade de empresas, a EBS segue refor\u00e7ando seu papel em impulsionar o crescimento do mercado\u201d, afirma Marcelo Baranowsky, fundador e CEO do Grupo EBS, idealizador e organizador da feira.<\/p>\n\n\n\n<p><strong>Congresso MICE Brasil<\/strong><\/p>\n\n\n\n<p>A FEIRA EBS \u00e9 palco do principal encontro do setor MICE no pa\u00eds e a programa\u00e7\u00e3o deste ano contar\u00e1 com seis pain\u00e9is que reunir\u00e3o especialistas renomados para compartilhar vis\u00f5es e experi\u00eancias de mercado em pautas de ESG, IA, gamifica\u00e7\u00e3o, lideran\u00e7a e diversidade e inclus\u00e3o.<\/p>\n\n\n\n<p>Na quarta-feira (5), poder\u00e3o ser conferidos os seguintes temas: Solu\u00e7\u00f5es ESG na Pr\u00e1tica: da teoria para a pr\u00e1tica efetiva, com Alexis Pagliarini (media\u00e7\u00e3o), CEO\/Fundador da ESG4, Carolina Braz, gerente de territ\u00f3rio e divis\u00e3o institucional na Ecolab Brasil, Fernando Beltrame, presidente da ECCAPLAN Solu\u00e7\u00f5es em Sustentabilidade, Marcelo Chanoft, cofundador da TES Cenografia, e Paulo Perrotti, CEO da LGPD Solution; Como tornar lideran\u00e7a uma posi\u00e7\u00e3o de desejo, com Patr\u00edcia Segatto (media\u00e7\u00e3o), presidente MPI &#8211; Meeting Professional Internacional 2023\/2024, B\u00e1rbara Duran, expert em pessoas, Laura Meneses, coordenadora de marketing da MCI Brasil e Larissa Uzun, assistente de marketing na MCI Brasil; Descubra os segredos do sucesso de cases vencedores do AMPRO Globes Awards 2023, com Felipe Malta (media\u00e7\u00e3o), CEO na ag\u00eancia F\/Malta e vice-presidente Nacional da AMPRO &#8211; Associa\u00e7\u00e3o de Marketing Promocional, Ed Sequim, CPO na Fibra.Ag, Denise Garrido, CEO da ATENAS.ag, e Michel Issa, vice-presidente de Neg\u00f3cios na DM9.<\/p>\n\n\n\n<p>Tecnologia marcar\u00e1 a abertura do evento na quinta (6), nos pain\u00e9is Transforma\u00e7\u00e3o digital nos eventos: como a intelig\u00eancia artificial est\u00e1 moldando o futuro do setor, com D\u00e9cio Sampaio (media\u00e7\u00e3o), s\u00f3cio e head de opera\u00e7\u00f5es na Flex Interativa, Carolina Cardoso Ganan\u00e7a, estrategista de marketing e eventos na IBM, Karla Fidelis, especialista em marketing e sustentabilidade em eventos da GS1 Brasil, C\u00e1rol M\u00e9llo, gestora de intelig\u00eancia em eventos no iFood; Cases de sucesso no uso da gamifica\u00e7\u00e3o e team building para treinamento de pessoas, com Elio Lu\u00eds Ferrucci (media\u00e7\u00e3o), diretor da O.D.I Treinamentos Corporativos, Fabiana Gon\u00e7alves, analista s\u00eanior de treinamento e conte\u00fado da Mary Kay do Brasil, F\u00e1bio Gon\u00e7alves, T&amp;D na Nestl\u00e9 Health Science, Vanessa Marques, gerente de treinamento genom na Uni\u00e3o Qu\u00edmica Ind\u00fastria Farmac\u00eautica<\/p>\n\n\n\n<p>Acessibilidade e igualdade de oportunidades entram em cena na apresenta\u00e7\u00e3o Conectando a lideran\u00e7a com diversidade e inclus\u00e3o para gerar transforma\u00e7\u00f5es efetivas nas organiza\u00e7\u00f5es, com Cris Kerr (media\u00e7\u00e3o), fundadora da CKZ Diversidade, Rodrigo Palmieri, gerente s\u00eanior de qualidade de fornecedores na Am\u00e9rica do Sul da ZF Automotive, Rodrigo Vianna, s\u00f3cio-diretor, fundador e CEO da Talenses Group.<\/p>\n\n\n\n<p>Encerra a programa\u00e7\u00e3o do Congresso o tema Gest\u00e3o de crise em eventos: prepara\u00e7\u00e3o, resposta e recupera\u00e7\u00e3o, com Fernando Rabello (media\u00e7\u00e3o), s\u00f3cio-fundador do EVENTE-SE EDUCA\u00c7\u00c3O, Carol Amadio, gestora de projetos de produ\u00e7\u00e3o de eventos, Pedro Zucchi, produtor de eventos e diretor t\u00e9cnico, e Marcio Schreiner, produtor e gestor de projetos de eventos corporativos.<\/p>\n\n\n\n<p><strong>EBS Labs<\/strong><\/p>\n\n\n\n<p>Uma das novidades que comp\u00f5em a edi\u00e7\u00e3o deste ano, o EBS Labs, trar\u00e1 outros temas para refor\u00e7ar a jornada de atualiza\u00e7\u00e3o profissional, englobando gest\u00e3o, intelig\u00eancia emocional, tecnologia, marketing e cases de sucesso.<\/p>\n\n\n\n<p>No espa\u00e7o, ser\u00e1 poss\u00edvel conferir, na quarta-feira (05), as seguintes palestras: Santa Catarina e o Segmento MICE, com Cristine Fabbris, vice-presidente da Associa\u00e7\u00e3o Brasileira de Eventos (ABEOC &#8211; Santa Catarina); Incentivos Regenerativos, mais que uma tend\u00eancia, uma necessidade, com Sandra Veloso, gerente executiva na ALAGEV &#8211; Associa\u00e7\u00e3o Latino Americana de Gestores de Viagens e Eventos Corporativas e Alessandra Telles, diretora de opera\u00e7\u00f5es de viagens e eventos de incentivos na DMC Neg\u00f3cios de Impacto; Web 3.0 e eventos, com Tomas Miranda, gerente de desenvolvimento de neg\u00f3cios e parcerias da Sympla; Intelig\u00eancia emocional na gest\u00e3o de conflitos: ferramentas estrat\u00e9gicas para l\u00edderes de alta performance, com Louren\u00e7o Plachi, consultor O.D.I. Treinamentos Corporativos; Integrando tecnologia e inova\u00e7\u00e3o para enfrentar desafios na produ\u00e7\u00e3o de eventos, com D\u00e9cio Sampaio, s\u00f3cio e head de opera\u00e7\u00f5es na Flex Interativa; Gastronomia saud\u00e1vel com afeto no mercado de eventos, com Cristina Ocdy, diretora-geral Noah Gastronomia e Camila Borduqui, nutricionista na mesma empresa; e Marca em A\u00e7\u00e3o \u2013 como o gerenciamento de conte\u00fado pode influenciar seu evento, com Tico Marcondes, s\u00f3cio-fundador na Evente-se Educa\u00e7\u00e3o.<\/p>\n\n\n\n<p>Na quinta-feira, encerram a programa\u00e7\u00e3o de palestras no espa\u00e7o os temas Autoconhecimento conectando l\u00edderes e neg\u00f3cios, com Marizete Zatt Flor, s\u00f3cia-diretora de RH da Extended DISC Brasil; Transformando leads em oportunidades: o papel crucial das equipes de vendas nos eventos, com Amanda Faria, especialista de vendas no VENDE-C; A experi\u00eancia da regenera\u00e7\u00e3o no mercado de incentivo: como marcar almas e deixar legados, com Silvana Torres, CEO da Mark Up; Case Coke Studio Latam\/ Ther Town, com Rodrigo Pitta, CEO do hub TEAM O da Fibra A.g.; DR da Produ\u00e7\u00e3o!, com Dani Martins, criadora da marca VAMOOOO PRODU\u00c7\u00c3O e fundadora do PADR\u00c3O DM; Evento, a ferramenta de marketing mais poderosa que existe, com Eduardo Frezarin, CEO da Yazo; e Brand experience na Am\u00e9rica Latina: um papo sobre fideliza\u00e7\u00e3o de clientes, com Ana Baccarini, coordenadora de planejamento na nSco.\u00a0<\/p>\n\n\n\n<p><strong>Expositores<\/strong><\/p>\n\n\n\n<p>Nesta edi\u00e7\u00e3o, o espa\u00e7o expositivo contar\u00e1 com novidades, entre elas, empresas como Bradesco Corporate, C\u00e9uAPP, Conquiste 360, Click! Promocional, Prime XP, Globalis, MediaStream, Doity e Tastic Travel, entre outros players.<\/p>\n\n\n\n<p>Participantes conhecidos do evento como Tangram by Prieto, Elo Brindes, GL Events, Expo Center Norte, Transam\u00e9rica Expo Center, S\u00e3o Paulo Convention &amp; Visitors Bureau, al\u00e9m de destinos como Empresa Paraibana de Turismo (PBTUR), Pernambuco Centro de Conven\u00e7\u00f5es, Curitiba Turismo, Foz do Igua\u00e7u Destino do Mundo, Paran\u00e1 Turismo, Porto de Galinhas Convention &amp; Visitors Bureau, Recife Convention &amp; Visitors Bureau e Visite Santos tamb\u00e9m apresentar\u00e3o solu\u00e7\u00f5es.<\/p>\n\n\n\n<p>A lista completa de expositores pode ser acessada <a href=\"https:\/\/feiraebs.com.br\/expositores-feira-ebs\/\">aqui<\/a>.<\/p>\n\n\n\n<p><strong>Rodadas de Neg\u00f3cios<\/strong><\/p>\n\n\n\n<p>Chamada Speed Meeting, a tradicional atra\u00e7\u00e3o do evento chama a aten\u00e7\u00e3o do mercado por ser estrat\u00e9gica para fomentar parcerias e neg\u00f3cios, al\u00e9m de ser espa\u00e7o para muito networking. S\u00e3o rodadas de neg\u00f3cios din\u00e2micas, com tr\u00eas minutos de dura\u00e7\u00e3o. Na edi\u00e7\u00e3o passada, foram promovidas 6.400 reuni\u00f5es, com participa\u00e7\u00f5es de 198 empresas compradoras e 58 fornecedores, para apresenta\u00e7\u00f5es de destinos, produtos e servi\u00e7os voltados para turismo corporativo e incentivos.<\/p>\n\n\n\n<p>Para participar do evento, o credenciamento est\u00e1 aberto e pode ser feito em <a href=\"https:\/\/www.feiraebs.com.br\/\">https:\/\/www.feiraebs.com.br\/<\/a>.<\/p>\n\n\n\n<p><strong>Servi\u00e7o<\/strong><\/p>\n\n\n\n<p><strong>Feira EBS \u2013 22\u00aa edi\u00e7\u00e3o<\/strong><\/p>\n\n\n\n<p><strong>Data: 5 e 6 de junho de 2024<\/strong><\/p>\n\n\n\n<p><strong>Congresso MICE Brasil: das 14h45 \u00e0s 18h<\/strong><strong><br><\/strong><strong>Feira EBS (gratuito para gestores compradores): 13h30 \u00e0s 19h <\/strong><strong><br><\/strong><strong>Speed Meeting (compradores e expositores convidados): das 9h30 \u00e0s 12h30.<\/strong><\/p>\n\n\n\n<p><strong>EBS LAB: das 14h15 \u00e0s 18h10.<\/strong><\/p>\n\n\n\n<p><strong>Local: Centro de Conven\u00e7\u00f5es Rebou\u00e7as<\/strong><\/p>\n\n\n\n<p><strong>Endere\u00e7o: Av. Rebou\u00e7as, 600, Pinheiros \u2013 S\u00e3o Paulo<\/strong><\/p>\n\n\n\n<p><strong>Credenciamento e informa\u00e7\u00f5es: <\/strong><a href=\"https:\/\/feiraebs.com.br\/\"><strong>https:\/\/feiraebs.com.br\/<\/strong><\/a><strong>.<\/strong><\/p>\n\n\n\n<p><strong>Sobre o Grupo EBS<\/strong><\/p>\n\n\n\n<p>O Grupo EBS \u00e9 l\u00edder de mercado na organiza\u00e7\u00e3o e promo\u00e7\u00e3o de eventos de neg\u00f3cios dedicados aos segmentos MICE (eventos corporativos, incentivos, feiras e congressos) e T&amp;D (treinamento &amp; desenvolvimento), possui um portf\u00f3lio de produtos que incluem a Feira EBS, o Congresso MICE, o Speed Meeting (rodada de neg\u00f3cios), a Revista EBS. O Grupo trabalha para gerar conte\u00fado, networking qualificado e neg\u00f3cios para toda a cadeira produtiva deste mercado, reunindo clientes finais, ag\u00eancias e fornecedores de produtos e servi\u00e7os para eventos corporativos e incentivos.<\/p>\n","protected":false},"excerpt":{"rendered":"<p>Evento \u00e9 vitrine estrat\u00e9gica e radar de tend\u00eancias para mais de 80 fornecedores de mercado e representantes de destinos do turismo corporativo nacional O segmento MICE, sigla internacional para Meetings, Incentives, Conferences and Exhibitions, atraiu 6,670 milh\u00f5es de visitantes em 1.286 eventos em 2023, segundo dados da Uni\u00e3o Brasileira de Feiras e Eventos de Neg\u00f3cios [&hellip;]<\/p>\n","protected":false},"author":2,"featured_media":2142,"comment_status":"open","ping_status":"open","sticky":false,"template":"","format":"standard","meta":{"footnotes":""},"categories":[23],"tags":[],"class_list":{"0":"post-2141","1":"post","2":"type-post","3":"status-publish","4":"format-standard","5":"has-post-thumbnail","7":"category-feirasdenegocios"},"_links":{"self":[{"href":"https:\/\/tveventos.tv.br\/index.php?rest_route=\/wp\/v2\/posts\/2141","targetHints":{"allow":["GET"]}}],"collection":[{"href":"https:\/\/tveventos.tv.br\/index.php?rest_route=\/wp\/v2\/posts"}],"about":[{"href":"https:\/\/tveventos.tv.br\/index.php?rest_route=\/wp\/v2\/types\/post"}],"author":[{"embeddable":true,"href":"https:\/\/tveventos.tv.br\/index.php?rest_route=\/wp\/v2\/users\/2"}],"replies":[{"embeddable":true,"href":"https:\/\/tveventos.tv.br\/index.php?rest_route=%2Fwp%2Fv2%2Fcomments&post=2141"}],"version-history":[{"count":1,"href":"https:\/\/tveventos.tv.br\/index.php?rest_route=\/wp\/v2\/posts\/2141\/revisions"}],"predecessor-version":[{"id":2143,"href":"https:\/\/tveventos.tv.br\/index.php?rest_route=\/wp\/v2\/posts\/2141\/revisions\/2143"}],"wp:featuredmedia":[{"embeddable":true,"href":"https:\/\/tveventos.tv.br\/index.php?rest_route=\/wp\/v2\/media\/2142"}],"wp:attachment":[{"href":"https:\/\/tveventos.tv.br\/index.php?rest_route=%2Fwp%2Fv2%2Fmedia&parent=2141"}],"wp:term":[{"taxonomy":"category","embeddable":true,"href":"https:\/\/tveventos.tv.br\/index.php?rest_route=%2Fwp%2Fv2%2Fcategories&post=2141"},{"taxonomy":"post_tag","embeddable":true,"href":"https:\/\/tveventos.tv.br\/index.php?rest_route=%2Fwp%2Fv2%2Ftags&post=2141"}],"curies":[{"name":"wp","href":"https:\/\/api.w.org\/{rel}","templated":true}]}}