{"id":2144,"date":"2024-06-04T11:22:07","date_gmt":"2024-06-04T14:22:07","guid":{"rendered":"https:\/\/tveventos.tv.br\/?p=2144"},"modified":"2024-06-04T11:22:11","modified_gmt":"2024-06-04T14:22:11","slug":"fce-pharma-e-fce-cosmetique-comecam-hoje-4-mais-de-21-mil-pessoas-devem-passar-pelos-eventos","status":"publish","type":"post","link":"https:\/\/tveventos.tv.br\/?p=2144","title":{"rendered":"FCE Pharma e FCE Cosmetique come\u00e7am hoje (4); mais de 21 mil pessoas devem passar pelos eventos"},"content":{"rendered":"\n<p><em>mais de 600 marcas confirmadas, dentre elas, Siemens, Merck, Givaudan Active Beauty Innovapacking, Polar, Teva API, Nortec e MCassab<\/em><\/p>\n\n\n\n<p>As edi\u00e7\u00f5es de 2024 da FCE Pharma e FCE Cosmetique come\u00e7am amanh\u00e3 e v\u00e3o at\u00e9 o dia&nbsp; 6 de junho no S\u00e3o Paulo Expo, na capital paulista. S\u00e3o esperados mais de 21 mil visitantes para os dois eventos que, este ano, est\u00e3o ainda maiores, com 12% a mais de expositores para a FCE Pharma e 24% a mais para FCE Cosmetique.<\/p>\n\n\n\n<p>Consideradas as mais importantes feiras dos segmentos farmac\u00eautico e cosm\u00e9tico da Am\u00e9rica Latina, os eventos s\u00e3o organizados pela N\u00fcrnbergMesse Brasil e j\u00e1 contam com mais de 600 marcas confirmadas, dentre elas, Siemens, Merck, Givaudan Active Beauty Innovapacking, Polar, Teva API, Nortec e MCassab.<\/p>\n\n\n\n<p>Sete meses depois da \u00faltima edi\u00e7\u00e3o (2023) as duas feiras j\u00e1 contavam com mais de 1.000 m\u00b2 de espa\u00e7o em lista de espera, com fabricantes e fornecedores interessados em expor. Com isso, n\u00e3o h\u00e1 mais espa\u00e7os dispon\u00edveis para 2024 e os eventos registram aumento de 30% de expositores estrangeiros.&nbsp;<\/p>\n\n\n\n<p>A entrada para as feiras \u00e9 gratuita e restrita a profissionais que atuam na ind\u00fastria cosm\u00e9tica e farmac\u00eautica. Os interessados devem fazer um credenciamento pr\u00e9vio atrav\u00e9s dos sites:<a href=\"https:\/\/www.fcepharma.com.br\/\"> https:\/\/www.fcepharma.com.br\/<\/a> e <a href=\"https:\/\/www.fcecosmetique.com.br\/\">https:\/\/www.fcecosmetique.com.br\/<\/a><\/p>\n\n\n\n<p><strong>SERVI\u00c7O<\/strong><\/p>\n\n\n\n<p><strong>FCE Pharma e FCE Cosmetique<\/strong><\/p>\n\n\n\n<p>Dia: 04 a 06 de junho<\/p>\n\n\n\n<p>Hor\u00e1rio: 11h \u00e0s 19h<\/p>\n\n\n\n<p>Local: S\u00e3o Paulo Expo &#8211; Rodovia dos Imigrantes, 1,5 km &#8211; S\u00e3o Paulo &#8211; SP<\/p>\n\n\n\n<p>Entrada gratuita.<\/p>\n","protected":false},"excerpt":{"rendered":"<p>mais de 600 marcas confirmadas, dentre elas, Siemens, Merck, Givaudan Active Beauty Innovapacking, Polar, Teva API, Nortec e MCassab As edi\u00e7\u00f5es de 2024 da FCE Pharma e FCE Cosmetique come\u00e7am amanh\u00e3 e v\u00e3o at\u00e9 o dia&nbsp; 6 de junho no S\u00e3o Paulo Expo, na capital paulista. S\u00e3o esperados mais de 21 mil visitantes para os [&hellip;]<\/p>\n","protected":false},"author":2,"featured_media":2145,"comment_status":"open","ping_status":"open","sticky":false,"template":"","format":"standard","meta":{"footnotes":""},"categories":[23],"tags":[],"class_list":{"0":"post-2144","1":"post","2":"type-post","3":"status-publish","4":"format-standard","5":"has-post-thumbnail","7":"category-feirasdenegocios"},"_links":{"self":[{"href":"https:\/\/tveventos.tv.br\/index.php?rest_route=\/wp\/v2\/posts\/2144","targetHints":{"allow":["GET"]}}],"collection":[{"href":"https:\/\/tveventos.tv.br\/index.php?rest_route=\/wp\/v2\/posts"}],"about":[{"href":"https:\/\/tveventos.tv.br\/index.php?rest_route=\/wp\/v2\/types\/post"}],"author":[{"embeddable":true,"href":"https:\/\/tveventos.tv.br\/index.php?rest_route=\/wp\/v2\/users\/2"}],"replies":[{"embeddable":true,"href":"https:\/\/tveventos.tv.br\/index.php?rest_route=%2Fwp%2Fv2%2Fcomments&post=2144"}],"version-history":[{"count":1,"href":"https:\/\/tveventos.tv.br\/index.php?rest_route=\/wp\/v2\/posts\/2144\/revisions"}],"predecessor-version":[{"id":2146,"href":"https:\/\/tveventos.tv.br\/index.php?rest_route=\/wp\/v2\/posts\/2144\/revisions\/2146"}],"wp:featuredmedia":[{"embeddable":true,"href":"https:\/\/tveventos.tv.br\/index.php?rest_route=\/wp\/v2\/media\/2145"}],"wp:attachment":[{"href":"https:\/\/tveventos.tv.br\/index.php?rest_route=%2Fwp%2Fv2%2Fmedia&parent=2144"}],"wp:term":[{"taxonomy":"category","embeddable":true,"href":"https:\/\/tveventos.tv.br\/index.php?rest_route=%2Fwp%2Fv2%2Fcategories&post=2144"},{"taxonomy":"post_tag","embeddable":true,"href":"https:\/\/tveventos.tv.br\/index.php?rest_route=%2Fwp%2Fv2%2Ftags&post=2144"}],"curies":[{"name":"wp","href":"https:\/\/api.w.org\/{rel}","templated":true}]}}