{"id":2147,"date":"2024-06-04T17:54:45","date_gmt":"2024-06-04T20:54:45","guid":{"rendered":"https:\/\/tveventos.tv.br\/?p=2147"},"modified":"2024-06-04T17:54:47","modified_gmt":"2024-06-04T20:54:47","slug":"campinas-apresenta-maior-evento-de-inovacao-e-sustentabilidade-do-interior","status":"publish","type":"post","link":"https:\/\/tveventos.tv.br\/?p=2147","title":{"rendered":"Campinas apresenta maior evento de inova\u00e7\u00e3o e sustentabilidade do interior"},"content":{"rendered":"\n<p><em>Campinas Innovation Week ter\u00e1 palestras, atividades, apresenta\u00e7\u00f5es e shows musicais entre 10 e 14 de junho.<\/em><\/p>\n\n\n\n<p>A Campinas Innovation Week (CIW) promete colocar a cidade no circuito nacional de eventos da \u00e1rea de tecnologia. Durante cinco dias, de 10 a 14 de junho, cerca de 15 mil pessoas devem passar pelos quatro espa\u00e7os destinados a palestras, reuni\u00f5es de neg\u00f3cios e shows.<\/p>\n\n\n\n<p>O evento ser\u00e1 apresentado oficialmente em coletiva de imprensa nesta quarta-feira, 5 de maio, \u00e0s 9h. A coletiva pode ser acompanhada <a href=\"https:\/\/www.youtube.com\/watch?v=9aPlTVNqH0I\">ao vivo pelo Youtube<\/a>.<\/p>\n\n\n\n<p>A participa\u00e7\u00e3o \u00e9 gratuita e a inscri\u00e7\u00e3o pode ser feita <a href=\"https:\/\/www.campinasinnovationweek.com.br\/\">no site oficial do evento<\/a>.<\/p>\n\n\n\n<p>A realiza\u00e7\u00e3o \u00e9 da Prefeitura de Campinas, em parceria com o Minist\u00e9rio do Empreendedorismo, da Microempresa e da Empresa de Pequeno Porte, a Associa\u00e7\u00e3o Comercial e Industrial de Campinas (Acic), a Funda\u00e7\u00e3o F\u00f3rum Campinas, a Venture Hub e a 100 Open StartUps.<\/p>\n\n\n\n<p><br>O CIW vai reunir quatro eventos em um \u00fanico espa\u00e7o, no pr\u00e9dio da Oficina de Locomotiva da Companhia Mogiana de Estrada de Ferro (Pr\u00e9dio do Rel\u00f3gio), uma \u00e1rea de mais de 7,5 mil metros quadrados, totalmente reformada. No dia 11, acontece a Retail Conference; 12 e 13, a Inova Trade Show; e o TechStart Summit e a OiWeek encerram a programa\u00e7\u00e3o, na sexta-feira, 14.<br><\/p>\n\n\n\n<p>&#8220;Temos aqui importantes universidades, empresas, laborat\u00f3rios, o que fortalece nossa voca\u00e7\u00e3o tecnol\u00f3gica e inovadora. O Campinas Innovation Week vem coroar tudo isso e nos colocar no cen\u00e1rio nacional de debate sobre intelig\u00eancia artificial, transi\u00e7\u00e3o energ\u00e9tica, empreendedorismo e tantos outros temas da atualidade&#8221;, disse a secret\u00e1ria de Desenvolvimento Econ\u00f4mico, Tecnologia e Inova\u00e7\u00e3o, Adriana Flosi.<br>\u00a0<\/p>\n\n\n\n<p><strong>Servi\u00e7o<br><\/strong><br>Data: 5\/6 (quarta-feira)<br>Hor\u00e1rio: 9h<br>Local: Pr\u00e9dio do Rel\u00f3gio (entrada pela rua Dr. Sales de Oliveira, 1380 &#8211; Vila Industrial, Campinas\/SP)<br>Transmiss\u00e3o ao vivo pelo Youtube.<\/p>\n","protected":false},"excerpt":{"rendered":"<p>Campinas Innovation Week ter\u00e1 palestras, atividades, apresenta\u00e7\u00f5es e shows musicais entre 10 e 14 de junho. A Campinas Innovation Week (CIW) promete colocar a cidade no circuito nacional de eventos da \u00e1rea de tecnologia. Durante cinco dias, de 10 a 14 de junho, cerca de 15 mil pessoas devem passar pelos quatro espa\u00e7os destinados a [&hellip;]<\/p>\n","protected":false},"author":3,"featured_media":2148,"comment_status":"open","ping_status":"open","sticky":false,"template":"","format":"standard","meta":{"footnotes":""},"categories":[23],"tags":[],"class_list":{"0":"post-2147","1":"post","2":"type-post","3":"status-publish","4":"format-standard","5":"has-post-thumbnail","7":"category-feirasdenegocios"},"_links":{"self":[{"href":"https:\/\/tveventos.tv.br\/index.php?rest_route=\/wp\/v2\/posts\/2147","targetHints":{"allow":["GET"]}}],"collection":[{"href":"https:\/\/tveventos.tv.br\/index.php?rest_route=\/wp\/v2\/posts"}],"about":[{"href":"https:\/\/tveventos.tv.br\/index.php?rest_route=\/wp\/v2\/types\/post"}],"author":[{"embeddable":true,"href":"https:\/\/tveventos.tv.br\/index.php?rest_route=\/wp\/v2\/users\/3"}],"replies":[{"embeddable":true,"href":"https:\/\/tveventos.tv.br\/index.php?rest_route=%2Fwp%2Fv2%2Fcomments&post=2147"}],"version-history":[{"count":3,"href":"https:\/\/tveventos.tv.br\/index.php?rest_route=\/wp\/v2\/posts\/2147\/revisions"}],"predecessor-version":[{"id":2151,"href":"https:\/\/tveventos.tv.br\/index.php?rest_route=\/wp\/v2\/posts\/2147\/revisions\/2151"}],"wp:featuredmedia":[{"embeddable":true,"href":"https:\/\/tveventos.tv.br\/index.php?rest_route=\/wp\/v2\/media\/2148"}],"wp:attachment":[{"href":"https:\/\/tveventos.tv.br\/index.php?rest_route=%2Fwp%2Fv2%2Fmedia&parent=2147"}],"wp:term":[{"taxonomy":"category","embeddable":true,"href":"https:\/\/tveventos.tv.br\/index.php?rest_route=%2Fwp%2Fv2%2Fcategories&post=2147"},{"taxonomy":"post_tag","embeddable":true,"href":"https:\/\/tveventos.tv.br\/index.php?rest_route=%2Fwp%2Fv2%2Ftags&post=2147"}],"curies":[{"name":"wp","href":"https:\/\/api.w.org\/{rel}","templated":true}]}}