{"id":2152,"date":"2024-06-04T18:23:21","date_gmt":"2024-06-04T21:23:21","guid":{"rendered":"https:\/\/tveventos.tv.br\/?p=2152"},"modified":"2024-06-04T18:23:25","modified_gmt":"2024-06-04T21:23:25","slug":"rm-farma","status":"publish","type":"post","link":"https:\/\/tveventos.tv.br\/?p=2152","title":{"rendered":"RM Farma"},"content":{"rendered":"\n<p>O evento nacional da RM Farma re\u00fane as principais lideran\u00e7as do segmento farmac\u00eautico em dois dias de oportunidades de neg\u00f3cios e networking!<\/p>\n\n\n\n<p>Junte-se a n\u00f3s, nos dias 11 e 12 de junho no Pro Magno.&nbsp;<\/p>\n\n\n\n<p>Hor\u00e1rios: Ter\u00e7a das 14h30 \u00e0s 19h;<\/p>\n\n\n\n<p>Quarta das 08h \u00e0s 21h30.<\/p>\n\n\n\n<p>Endere\u00e7o: Av. Pfa. Ida Kolb, 513 &#8211; Jardim das Laranjeiras, S\u00e3o Paulo &#8211; SP, 02518-000<\/p>\n","protected":false},"excerpt":{"rendered":"<p>O evento nacional da RM Farma re\u00fane as principais lideran\u00e7as do segmento farmac\u00eautico em dois dias de oportunidades de neg\u00f3cios e networking! Junte-se a n\u00f3s, nos dias 11 e 12 de junho no Pro Magno.&nbsp; Hor\u00e1rios: Ter\u00e7a das 14h30 \u00e0s 19h; Quarta das 08h \u00e0s 21h30. Endere\u00e7o: Av. Pfa. Ida Kolb, 513 &#8211; Jardim das [&hellip;]<\/p>\n","protected":false},"author":3,"featured_media":2153,"comment_status":"open","ping_status":"open","sticky":false,"template":"","format":"standard","meta":{"footnotes":""},"categories":[25],"tags":[],"class_list":{"0":"post-2152","1":"post","2":"type-post","3":"status-publish","4":"format-standard","5":"has-post-thumbnail","7":"category-calendariodeeventos"},"_links":{"self":[{"href":"https:\/\/tveventos.tv.br\/index.php?rest_route=\/wp\/v2\/posts\/2152","targetHints":{"allow":["GET"]}}],"collection":[{"href":"https:\/\/tveventos.tv.br\/index.php?rest_route=\/wp\/v2\/posts"}],"about":[{"href":"https:\/\/tveventos.tv.br\/index.php?rest_route=\/wp\/v2\/types\/post"}],"author":[{"embeddable":true,"href":"https:\/\/tveventos.tv.br\/index.php?rest_route=\/wp\/v2\/users\/3"}],"replies":[{"embeddable":true,"href":"https:\/\/tveventos.tv.br\/index.php?rest_route=%2Fwp%2Fv2%2Fcomments&post=2152"}],"version-history":[{"count":1,"href":"https:\/\/tveventos.tv.br\/index.php?rest_route=\/wp\/v2\/posts\/2152\/revisions"}],"predecessor-version":[{"id":2154,"href":"https:\/\/tveventos.tv.br\/index.php?rest_route=\/wp\/v2\/posts\/2152\/revisions\/2154"}],"wp:featuredmedia":[{"embeddable":true,"href":"https:\/\/tveventos.tv.br\/index.php?rest_route=\/wp\/v2\/media\/2153"}],"wp:attachment":[{"href":"https:\/\/tveventos.tv.br\/index.php?rest_route=%2Fwp%2Fv2%2Fmedia&parent=2152"}],"wp:term":[{"taxonomy":"category","embeddable":true,"href":"https:\/\/tveventos.tv.br\/index.php?rest_route=%2Fwp%2Fv2%2Fcategories&post=2152"},{"taxonomy":"post_tag","embeddable":true,"href":"https:\/\/tveventos.tv.br\/index.php?rest_route=%2Fwp%2Fv2%2Ftags&post=2152"}],"curies":[{"name":"wp","href":"https:\/\/api.w.org\/{rel}","templated":true}]}}