{"id":2155,"date":"2024-06-04T18:34:26","date_gmt":"2024-06-04T21:34:26","guid":{"rendered":"https:\/\/tveventos.tv.br\/?p=2155"},"modified":"2024-06-04T18:34:27","modified_gmt":"2024-06-04T21:34:27","slug":"yes-movel-show","status":"publish","type":"post","link":"https:\/\/tveventos.tv.br\/?p=2155","title":{"rendered":"YES M\u00f3vel Show"},"content":{"rendered":"\n<p>Ser\u00e3o mais de 50 expositores do varejo de m\u00f3veis, eletros e colch\u00f5es. O evento contar\u00e1 com diversas ativa\u00e7\u00f5es, que prometem adicionar uma dimens\u00e3o extra \u00e0 experi\u00eancia, como Lab Blu, Oct\u00f3gono do Mercado Livre, Arena Yes e muito mais!&nbsp;<\/p>\n\n\n\n<p>Junte-se a n\u00f3s, nos dias 11 a 13 de junho no Expo Dom Pedro das 13h \u00e0s 20h.<\/p>\n\n\n\n<p>Endere\u00e7o: Avenida Guilherme Campos, 500 &#8211; Bloco II &#8211; Jardim Santa Genebra, Campinas &#8211; SP, 13087-901<\/p>\n","protected":false},"excerpt":{"rendered":"<p>Ser\u00e3o mais de 50 expositores do varejo de m\u00f3veis, eletros e colch\u00f5es. O evento contar\u00e1 com diversas ativa\u00e7\u00f5es, que prometem adicionar uma dimens\u00e3o extra \u00e0 experi\u00eancia, como Lab Blu, Oct\u00f3gono do Mercado Livre, Arena Yes e muito mais!&nbsp; Junte-se a n\u00f3s, nos dias 11 a 13 de junho no Expo Dom Pedro das 13h \u00e0s [&hellip;]<\/p>\n","protected":false},"author":3,"featured_media":2156,"comment_status":"open","ping_status":"open","sticky":false,"template":"","format":"standard","meta":{"footnotes":""},"categories":[25],"tags":[],"class_list":{"0":"post-2155","1":"post","2":"type-post","3":"status-publish","4":"format-standard","5":"has-post-thumbnail","7":"category-calendariodeeventos"},"_links":{"self":[{"href":"https:\/\/tveventos.tv.br\/index.php?rest_route=\/wp\/v2\/posts\/2155","targetHints":{"allow":["GET"]}}],"collection":[{"href":"https:\/\/tveventos.tv.br\/index.php?rest_route=\/wp\/v2\/posts"}],"about":[{"href":"https:\/\/tveventos.tv.br\/index.php?rest_route=\/wp\/v2\/types\/post"}],"author":[{"embeddable":true,"href":"https:\/\/tveventos.tv.br\/index.php?rest_route=\/wp\/v2\/users\/3"}],"replies":[{"embeddable":true,"href":"https:\/\/tveventos.tv.br\/index.php?rest_route=%2Fwp%2Fv2%2Fcomments&post=2155"}],"version-history":[{"count":1,"href":"https:\/\/tveventos.tv.br\/index.php?rest_route=\/wp\/v2\/posts\/2155\/revisions"}],"predecessor-version":[{"id":2157,"href":"https:\/\/tveventos.tv.br\/index.php?rest_route=\/wp\/v2\/posts\/2155\/revisions\/2157"}],"wp:featuredmedia":[{"embeddable":true,"href":"https:\/\/tveventos.tv.br\/index.php?rest_route=\/wp\/v2\/media\/2156"}],"wp:attachment":[{"href":"https:\/\/tveventos.tv.br\/index.php?rest_route=%2Fwp%2Fv2%2Fmedia&parent=2155"}],"wp:term":[{"taxonomy":"category","embeddable":true,"href":"https:\/\/tveventos.tv.br\/index.php?rest_route=%2Fwp%2Fv2%2Fcategories&post=2155"},{"taxonomy":"post_tag","embeddable":true,"href":"https:\/\/tveventos.tv.br\/index.php?rest_route=%2Fwp%2Fv2%2Ftags&post=2155"}],"curies":[{"name":"wp","href":"https:\/\/api.w.org\/{rel}","templated":true}]}}