{"id":2158,"date":"2024-06-04T18:41:59","date_gmt":"2024-06-04T21:41:59","guid":{"rendered":"https:\/\/tveventos.tv.br\/?p=2158"},"modified":"2024-06-04T18:42:02","modified_gmt":"2024-06-04T21:42:02","slug":"brasil-brau","status":"publish","type":"post","link":"https:\/\/tveventos.tv.br\/?p=2158","title":{"rendered":"BRASIL BRAU"},"content":{"rendered":"\n<p>A Brasil Brau \u00e9 o maior evento profissional da ind\u00fastria cervejeira na Am\u00e9rica Latina, se consolidando na \u00faltima edi\u00e7\u00e3o como principal ponto de encontro de toda a cadeia produtiva do setor. Pioneira no segmento com sua realiza\u00e7\u00e3o acontecendo desde os anos 80, as marcas e profissionais renomados se re\u00fanem por tr\u00eas dias para apresentar ao mercado o que h\u00e1 de mais moderno em tecnologia, equipamentos, produtos e servi\u00e7os.<\/p>\n\n\n\n<p>Junte-se a n\u00f3s, nos dias 11 a 13 de junho das 13h \u00e0s 20h no S\u00e3o Paulo Expo.<\/p>\n\n\n\n<p>Endere\u00e7o: Rodovia dos Imigrantes, 1,5 km &#8211; Vila \u00c1gua Funda, S\u00e3o Paulo &#8211; SP, 04329-900<\/p>\n","protected":false},"excerpt":{"rendered":"<p>A Brasil Brau \u00e9 o maior evento profissional da ind\u00fastria cervejeira na Am\u00e9rica Latina, se consolidando na \u00faltima edi\u00e7\u00e3o como principal ponto de encontro de toda a cadeia produtiva do setor. Pioneira no segmento com sua realiza\u00e7\u00e3o acontecendo desde os anos 80, as marcas e profissionais renomados se re\u00fanem por tr\u00eas dias para apresentar ao [&hellip;]<\/p>\n","protected":false},"author":3,"featured_media":2159,"comment_status":"open","ping_status":"open","sticky":false,"template":"","format":"standard","meta":{"footnotes":""},"categories":[25],"tags":[],"class_list":{"0":"post-2158","1":"post","2":"type-post","3":"status-publish","4":"format-standard","5":"has-post-thumbnail","7":"category-calendariodeeventos"},"_links":{"self":[{"href":"https:\/\/tveventos.tv.br\/index.php?rest_route=\/wp\/v2\/posts\/2158","targetHints":{"allow":["GET"]}}],"collection":[{"href":"https:\/\/tveventos.tv.br\/index.php?rest_route=\/wp\/v2\/posts"}],"about":[{"href":"https:\/\/tveventos.tv.br\/index.php?rest_route=\/wp\/v2\/types\/post"}],"author":[{"embeddable":true,"href":"https:\/\/tveventos.tv.br\/index.php?rest_route=\/wp\/v2\/users\/3"}],"replies":[{"embeddable":true,"href":"https:\/\/tveventos.tv.br\/index.php?rest_route=%2Fwp%2Fv2%2Fcomments&post=2158"}],"version-history":[{"count":1,"href":"https:\/\/tveventos.tv.br\/index.php?rest_route=\/wp\/v2\/posts\/2158\/revisions"}],"predecessor-version":[{"id":2160,"href":"https:\/\/tveventos.tv.br\/index.php?rest_route=\/wp\/v2\/posts\/2158\/revisions\/2160"}],"wp:featuredmedia":[{"embeddable":true,"href":"https:\/\/tveventos.tv.br\/index.php?rest_route=\/wp\/v2\/media\/2159"}],"wp:attachment":[{"href":"https:\/\/tveventos.tv.br\/index.php?rest_route=%2Fwp%2Fv2%2Fmedia&parent=2158"}],"wp:term":[{"taxonomy":"category","embeddable":true,"href":"https:\/\/tveventos.tv.br\/index.php?rest_route=%2Fwp%2Fv2%2Fcategories&post=2158"},{"taxonomy":"post_tag","embeddable":true,"href":"https:\/\/tveventos.tv.br\/index.php?rest_route=%2Fwp%2Fv2%2Ftags&post=2158"}],"curies":[{"name":"wp","href":"https:\/\/api.w.org\/{rel}","templated":true}]}}