{"id":2161,"date":"2024-06-04T18:52:33","date_gmt":"2024-06-04T21:52:33","guid":{"rendered":"https:\/\/tveventos.tv.br\/?p=2161"},"modified":"2024-06-04T18:52:36","modified_gmt":"2024-06-04T21:52:36","slug":"7-o-congresso-brasileiro-de-harmonizacao-orofacial","status":"publish","type":"post","link":"https:\/\/tveventos.tv.br\/?p=2161","title":{"rendered":"7.\u00ba Congresso Brasileiro de Harmoniza\u00e7\u00e3o Orofacial"},"content":{"rendered":"\n<p>Aprenda com experts renomados e amplie seus conhecimentos no mais renomado Congresso de Harmoniza\u00e7\u00e3o Orofacial do mundo. Esteja por dentro do que h\u00e1 de mais inovador da HOF.<\/p>\n\n\n\n<p>Junte-se a n\u00f3s, nos dias 12 e 13 de junho no Pro Magno.<\/p>\n\n\n\n<p>Endere\u00e7o: Av. Pfa. Ida Kolb, 513 &#8211; Jardim das Laranjeiras, S\u00e3o Paulo &#8211; SP, 02518-000<\/p>\n","protected":false},"excerpt":{"rendered":"<p>Aprenda com experts renomados e amplie seus conhecimentos no mais renomado Congresso de Harmoniza\u00e7\u00e3o Orofacial do mundo. Esteja por dentro do que h\u00e1 de mais inovador da HOF. Junte-se a n\u00f3s, nos dias 12 e 13 de junho no Pro Magno. Endere\u00e7o: Av. Pfa. Ida Kolb, 513 &#8211; Jardim das Laranjeiras, S\u00e3o Paulo &#8211; SP, [&hellip;]<\/p>\n","protected":false},"author":3,"featured_media":2162,"comment_status":"open","ping_status":"open","sticky":false,"template":"","format":"standard","meta":{"footnotes":""},"categories":[25],"tags":[],"class_list":{"0":"post-2161","1":"post","2":"type-post","3":"status-publish","4":"format-standard","5":"has-post-thumbnail","7":"category-calendariodeeventos"},"_links":{"self":[{"href":"https:\/\/tveventos.tv.br\/index.php?rest_route=\/wp\/v2\/posts\/2161","targetHints":{"allow":["GET"]}}],"collection":[{"href":"https:\/\/tveventos.tv.br\/index.php?rest_route=\/wp\/v2\/posts"}],"about":[{"href":"https:\/\/tveventos.tv.br\/index.php?rest_route=\/wp\/v2\/types\/post"}],"author":[{"embeddable":true,"href":"https:\/\/tveventos.tv.br\/index.php?rest_route=\/wp\/v2\/users\/3"}],"replies":[{"embeddable":true,"href":"https:\/\/tveventos.tv.br\/index.php?rest_route=%2Fwp%2Fv2%2Fcomments&post=2161"}],"version-history":[{"count":1,"href":"https:\/\/tveventos.tv.br\/index.php?rest_route=\/wp\/v2\/posts\/2161\/revisions"}],"predecessor-version":[{"id":2163,"href":"https:\/\/tveventos.tv.br\/index.php?rest_route=\/wp\/v2\/posts\/2161\/revisions\/2163"}],"wp:featuredmedia":[{"embeddable":true,"href":"https:\/\/tveventos.tv.br\/index.php?rest_route=\/wp\/v2\/media\/2162"}],"wp:attachment":[{"href":"https:\/\/tveventos.tv.br\/index.php?rest_route=%2Fwp%2Fv2%2Fmedia&parent=2161"}],"wp:term":[{"taxonomy":"category","embeddable":true,"href":"https:\/\/tveventos.tv.br\/index.php?rest_route=%2Fwp%2Fv2%2Fcategories&post=2161"},{"taxonomy":"post_tag","embeddable":true,"href":"https:\/\/tveventos.tv.br\/index.php?rest_route=%2Fwp%2Fv2%2Ftags&post=2161"}],"curies":[{"name":"wp","href":"https:\/\/api.w.org\/{rel}","templated":true}]}}