{"id":2165,"date":"2024-06-05T17:29:00","date_gmt":"2024-06-05T20:29:00","guid":{"rendered":"https:\/\/tveventos.tv.br\/?p=2165"},"modified":"2024-06-05T17:29:06","modified_gmt":"2024-06-05T20:29:06","slug":"solucoes-integradas-para-seguranca-automotiva","status":"publish","type":"post","link":"https:\/\/tveventos.tv.br\/?p=2165","title":{"rendered":"Solu\u00e7\u00f5es integradas para seguran\u00e7a automotiva"},"content":{"rendered":"\n<p>A comodidade de ter todos os servi\u00e7os de seguran\u00e7a automotiva em um s\u00f3 lugar \u00e9 a aposta do <strong>grupo Allcom Telecom <\/strong>ao oferecer solu\u00e7\u00f5es 360\u00b0 para quem deseja ter um ve\u00edculo mais seguro e protegido a partir da instala\u00e7\u00e3o de dispositivos de conectividade, blindagem premium e plataforma de rastreamento.<\/p>\n\n\n\n<p><br>Durante a Exposec 2024, o grupo, formado pelas empresas Allcom, Allblin e Sitallcom, levou para a Arena Abese um ve\u00edculo equipado com todas as solu\u00e7\u00f5es do conglomerado.<\/p>\n\n\n\n<p>\u201cA integra\u00e7\u00e3o entre as empresas dentro da vertical de seguran\u00e7a \u00e9 importante porque garante a oferta de solu\u00e7\u00f5es completas, que, no caso dos ve\u00edculos, combinam blindagem \u00e0 rastreamento e conectividade, protegendo os condutores e analisando o perfil de condu\u00e7\u00e3o, atuando assim de modo preventivo, al\u00e9m da prote\u00e7\u00e3o imediata. Trouxemos para a feira um ve\u00edculo blindado que integra os servi\u00e7os e \u00e9 o maior exemplo de como as empresas se unem para fornecer as mais modernas solu\u00e7\u00f5es de seguran\u00e7a\u201d, diz Marcio Fabozi, CEO da Allcom e s\u00f3cio do Grupo Allcom.<\/p>\n\n\n\n<p>O carro tem blindagem N3, c\u00e2meras e sensores que informam a dist\u00e2ncia de outros ve\u00edculos, a tecnologia DMS, que monitora a fadiga do motorista e dispara alertas para o condutor e a empresa de monitoramento e c\u00e2meras que ajudam o motorista a fazer desvios de rota atrav\u00e9s do GPS. Essas c\u00e2meras t\u00eam a tecnologia IP67, que se ajusta \u00e0 neblina, funcionando com precis\u00e3o mesmo sem visibilidade da pista.<\/p>\n\n\n\n<p><strong>Grupo Protege traz simulador imersivo de tiro na Exposec<\/strong><\/p>\n\n\n\n<p>Tecnologia avan\u00e7ada e qualifica\u00e7\u00e3o profissional s\u00e3o os principais destaques do estande do<strong> Grupo Protege<\/strong> na Exposec 2024. A empresa montou no evento um programa imersivo de tiro virtual, atrelado ao Provig, centro de forma\u00e7\u00e3o de vigilantes do Grupo, localizado em S\u00e3o Paulo. S\u00e3o cursos de forma\u00e7\u00e3o, extens\u00e3o e reciclagem para os profissionais do setor, e o p\u00fablico da feira tem descontos especiais para fechar os cursos no local.<\/p>\n\n\n\n<p>O sistema virtual \u00e9 a novidade do estande, e pode ser testado por quem adquirir cursos durante a feira. O equipamento faz parte da infraestrutura oferecida nas forma\u00e7\u00f5es da Provig e estar\u00e1 dispon\u00edvel para os alunos do centro de treinamento.<\/p>\n\n\n\n<p>\u201cA forma\u00e7\u00e3o dos profissionais \u00e9 imprescind\u00edvel para garantir a excel\u00eancia na presta\u00e7\u00e3o de servi\u00e7os. Somos a \u00fanica empresa de seguran\u00e7a privada que possui o pr\u00f3prio centro de treinamento, com toda a infraestrutura para promover a atua\u00e7\u00e3o constante dos nossos profissionais e tamb\u00e9m para oferecer esse servi\u00e7o para o setor\u201d, afirma Rodrigo Marchini, Diretor Comercial do Grupo Protege.<\/p>\n\n\n\n<p><strong>Sistemas de controle de acesso e automa\u00e7\u00e3o<\/strong><\/p>\n\n\n\n<p><strong><br><\/strong>O aumento da seguran\u00e7a e corte de custo s\u00e3o duas das prioridades que os condom\u00ednios, tanto residenciais quanto comerciais, enfrentam no dia a dia. De acordo com o Sistema de Informa\u00e7\u00f5es Criminais (Infocrim), no per\u00edodo anterior \u00e0 pandemia, a m\u00e9dia de invas\u00f5es em condom\u00ednios era de 12 mil por m\u00eas. Tendo em vista a necessidade de aumentar a seguran\u00e7a de moradores, funcion\u00e1rios e visitantes, diversas empresas presentes na 25\u00aa Exposec apresentaram seu portf\u00f3lio para controle de acesso e automa\u00e7\u00e3o de sistemas.<\/p>\n\n\n\n<p><br>Entre as marcas expositoras est\u00e1 a <strong>Bravas Tecnologia<\/strong> que traz como novidade a linha de controladores IP. \u201cEsta inova\u00e7\u00e3o oferece mais seguran\u00e7a e velocidade no protocolo de comunica\u00e7\u00e3o de dados, al\u00e9m do custo menor de instala\u00e7\u00e3o, agilidade e mais recursos para projetos de controle de acesso e automa\u00e7\u00e3o predial\u201d, explica Jorge Brand\u00e3o, Diretor Comercial da empresa, que participa da feira desde 2019.<\/p>\n\n\n\n<p>Brand\u00e3o refor\u00e7a, ainda, que \u201ca visibilidade da Exposec em rela\u00e7\u00e3o ao mercado de seguran\u00e7a eletr\u00f4nica foi o que nos motivou a retornar ao evento. A empresa projeta um crescimento de 20% a 25% no segundo semestre, principalmente em decorr\u00eancia da capta\u00e7\u00e3o de novos clientes na feira, e o fortalecimento das parcerias com outros fabricantes do setor.\u201d<\/p>\n\n\n\n<p><br>Quem passar pelo estande da <strong>Shielder<\/strong>, vai conhecer o software de controle de acesso e monitoramento integrado \u00e0 tecnologia Alexia. De acordo com Marco Romanelli, Diretor Comercial e fundador da empresa, \u201cap\u00f3s dois anos de aprendizagem e an\u00e1lise das tend\u00eancias de mercado, conseguimos desenvolver solu\u00e7\u00f5es vi\u00e1veis a baixo custo. Acrescentamos ao sistema a automa\u00e7\u00e3o por voz, e trouxemos tamb\u00e9m tecnologia para portarias aut\u00f4nomas, com monitoramento facial, que trabalha com v\u00eddeo chamadas. Nosso software integra diversos hardwares de controle de acesso, desde pessoas at\u00e9 ve\u00edculos. V\u00e1rias marcas do mercado est\u00e3o integradas conosco, como Control ID e ZKTECO.\u201d<\/p>\n\n\n\n<p><strong>Projeto InovaUSP traz inova\u00e7\u00e3o brasileira de transfer\u00eancia tecnol\u00f3gica<\/strong><\/p>\n\n\n\n<p>A Universidade de S\u00e3o Paulo e a ABESE (Associa\u00e7\u00e3o Brasileira das Empresas de Sistemas Eletr\u00f4nicos de Seguran\u00e7a) lan\u00e7am em parceria na Exposec 2024<strong> <\/strong>uma nova fase do programa de transfer\u00eancia tecnol\u00f3gica, focado em solu\u00e7\u00f5es de seguran\u00e7a baseadas na placa \u2018Labrador\u2019 do programa \u2018Caninos Loucos\u2019. O principal objetivo \u00e9 reduzir custos e aumentar a performance dos produtos de seguran\u00e7a fabricados no Brasil.<\/p>\n\n\n\n<p>A tecnologia de intelig\u00eancia artificial totalmente brasileira j\u00e1 est\u00e1 em funcionamento pela Pol\u00edcia Militar do Estado de S\u00e3o Paulo, e deve ganhar maior participa\u00e7\u00e3o nos pr\u00f3ximos meses, com novas fases do programa.<\/p>\n\n\n\n<p>Robson Arantes, respons\u00e1vel pela USP no evento, diz que o principal intuito \u00e9 aproximar a universidade das empresas de seguran\u00e7a eletr\u00f4nica. \u201cDiferente de outros dispositivos, as tecnologias utilizadas nas placas abertas do programa Caninos Loucos n\u00e3o s\u00e3o descontinuadas, garantindo os investimentos das empresas nacionais no desenvolvimento de seus produtos\u201d. Ele explica que uma vez que a placa aberta de hardware \u00e9 utilizada nos produtos da empresa, o produto torna-se exclusivamente propriedade da empresa, possibilitando a patente e a seguran\u00e7a da propriedade intelectual.<\/p>\n\n\n\n<p>M\u00e1rcio Akira Imanishi e Guilherme Sim\u00f5es, pesquisadores da USP, est\u00e3o envolvidos no projeto e tamb\u00e9m est\u00e3o dispon\u00edveis para passar todos os detalhes no estande.<\/p>\n\n\n\n<p><strong>Sistema de monitoramento em tempo real para coletes bal\u00edsticos e armas<\/strong><\/p>\n\n\n\n<p><strong><br><\/strong>Um dos espa\u00e7os que t\u00eam atra\u00eddo a aten\u00e7\u00e3o dos visitantes da Exposec 2024, aberta nesta ter\u00e7a-feira (4), no S\u00e3o Paulo Expo, \u00e9 a Arena ABESE. No local est\u00e3o sendo apresentadas tecnologias inovadoras voltadas para a seguran\u00e7a coletiva das pessoas no ambiente urbano.<\/p>\n\n\n\n<p><br>A <strong>Tracktum<\/strong> exp\u00f5e neste espa\u00e7o da feira sua mais recente inova\u00e7\u00e3o: um sistema de monitoramento em tempo real para coletes bal\u00edsticos e armas. Este sistema envia alertas imediatos para a central de intelig\u00eancia policial em caso de disparo ou ferimento, permitindo uma resposta r\u00e1pida e eficiente. \u201cA tecnologia est\u00e1 operacional h\u00e1 quase um ano. At\u00e9 o momento, estamos presente somente no setor privado. Por\u00e9m, visamos a participa\u00e7\u00e3o de f\u00f3runs e eventos, como a Exposec, para nos aproximarmos e entender a demanda do setor p\u00fablico\u201d, afirma Vin\u00edcius Queiroz, t\u00e9cnico em eletr\u00f4nica da empresa.<\/p>\n\n\n\n<p>\u201cA tecnologia utilizada permite que a central de intelig\u00eancia saiba exatamente a posi\u00e7\u00e3o em que a arma se encontra, pois a localiza\u00e7\u00e3o \u00e9 apresentada em tr\u00eas dimens\u00f5es. Dessa maneira, \u00e9 poss\u00edvel saber quando ela est\u00e1 no coldre do agente policial, quando ele a empunha e, dessa forma, medir a precis\u00e3o do disparo bem como a posi\u00e7\u00e3o, \u00e2ngulo e dist\u00e2ncia entre outros detalhes. Nosso objetivo, no curto e m\u00e9dio prazos, \u00e9 entrar na seguran\u00e7a p\u00fablica com a pistola integrada e colete bal\u00edstico\u201d, completa Queiroz.<\/p>\n\n\n\n<p><strong>Redu\u00e7\u00e3o da viol\u00eancia social pode ajudar setor de seguran\u00e7a a crescer<\/strong><\/p>\n\n\n\n<p>H\u00e1 quem pense que quanto mais viol\u00eancia, melhor para o setor de seguran\u00e7a, mas isso n\u00e3o \u00e9 verdade. \u00c9 o que explicou Ant\u00f4nio Brasiliano, presidente da <strong>Brasiliano Interisk<\/strong>, durante a palestra <em>Seguran\u00e7a P\u00fablica no Brasil: Fac\u00e7\u00f5es Criminosas que Dominam o Contexto Brasileiro<\/em>, realizada na Exposec, maior feira do setor na Am\u00e9rica Latina, aberta hoje (4\/6), no S\u00e3o Paulo Expo.<\/p>\n\n\n\n<p><br>Brasiliano trouxe uma panorama atual da falta de seguran\u00e7a p\u00fablica e como ela impacta negativamente no setor, que tem sua efetividade questionada diante das in\u00fameras viola\u00e7\u00f5es que acontecem em uma sociedade com altos \u00edndices de criminalidade.<\/p>\n\n\n\n<p>\u201cFica uma sensa\u00e7\u00e3o de que o setor de seguran\u00e7a n\u00e3o funciona, porque voc\u00ea instala um sistema e \u00e9 assaltado, coloca um sensor, \u00e9 hackeado. As coisas n\u00e3o funcionam t\u00e3o bem, mas n\u00e3o \u00e9 isso que n\u00e3o est\u00e1 funcionando. \u00c9 a falta de seguran\u00e7a p\u00fablica que causa essa percep\u00e7\u00e3o\u201d, afirma Brasiliano.<\/p>\n\n\n\n<p>O presidente refor\u00e7ou, ainda, que melhorias na seguran\u00e7a p\u00fablica podem impulsionar o setor, que ter\u00e1 a chance de se aperfei\u00e7oar e colocar aten\u00e7\u00e3o nos crimes mais estruturados, que causam grandes impactos aos alvos dessas infiltra\u00e7\u00f5es criminosas. E, na opini\u00e3o do especialista, \u00e9 urgente uma mudan\u00e7a nesse cen\u00e1rio.<\/p>\n\n\n\n<p><br>\u201cA seguran\u00e7a p\u00fablica \u00e9 ineficaz. As fac\u00e7\u00f5es precisam ser combatidas. Combatida com o qu\u00ea? Com essa solu\u00e7\u00e3o, precisamos usar de maneira integrada a quest\u00e3o de cen\u00e1rios de perspectivas, um processo, junto com intelig\u00eancia, e finalizar com an\u00e1lise de risco. E a\u00ed sim, montaria um plano de a\u00e7\u00e3o, um plano de seguran\u00e7a mais efetivo e muito mais assertivo\u201d, afirma.<\/p>\n\n\n\n<p><strong>Servi\u00e7o<\/strong><\/p>\n\n\n\n<p>Exposec 2024 &#8211; Feira Internacional de Seguran\u00e7a<\/p>\n\n\n\n<p>Data: 4 a 6 de junho<\/p>\n\n\n\n<p>Hor\u00e1rio: das 13h \u00e0s 20h<\/p>\n\n\n\n<p>Local: S\u00e3o Paulo Expo<\/p>\n\n\n\n<p>Endere\u00e7o: Rod. dos Imigrantes, km 1,5 \u2013 Vila \u00c1gua Funda, S\u00e3o Paulo \u2013 SP<\/p>\n\n\n\n<p>Transfer Gratuito: Esta\u00e7\u00e3o Santos\u2013Imigrantes da Linha 2\u2013Verde do Metr\u00f4. Av Ricardo Jafet s\/n sentido Imigrantes<\/p>\n\n\n\n<p>Mais informa\u00e7\u00f5es acesse <a href=\"https:\/\/www.exposec.com.br\/\">aqui<\/a><\/p>\n\n\n\n<p><strong>Sobre a Fiera Milano Brasil<\/strong><\/p>\n\n\n\n<p>A Fiera Milano Brasil \u00e9 a filial brasileira da Fiera Milano, um dos maiores players de feiras e congressos do mundo que a cada ano atraem aproximadamente 30 mil expositores e mais de cinco milh\u00f5es de visitantes. No Brasil, s\u00e3o realizadas nove feiras que representam os mais diversos segmentos da economia, como seguran\u00e7a, energias limpas e renov\u00e1veis, tubos e conex\u00f5es, cabos, sa\u00fade no trabalho, tecnologias em reabilita\u00e7\u00e3o, inclus\u00e3o e acessibilidade, entre outras. Entre as principais marcas do portf\u00f3lio est\u00e3o Exposec, Fisp, Fire Show, Congresso Ecoenergy, Fruit Attraction S\u00e3o Paulo, em parceria com IFEMA Madrid, Reatech, Tubotech, wire Brasil e Esquadria Show, em parceria com N\u00fcrnbergMesse Brasil. Mais informa\u00e7\u00f5es acesse <a href=\"https:\/\/www.fieramilanobrasil.com.br\/\">aqui<\/a><\/p>\n","protected":false},"excerpt":{"rendered":"<p>A comodidade de ter todos os servi\u00e7os de seguran\u00e7a automotiva em um s\u00f3 lugar \u00e9 a aposta do grupo Allcom Telecom ao oferecer solu\u00e7\u00f5es 360\u00b0 para quem deseja ter um ve\u00edculo mais seguro e protegido a partir da instala\u00e7\u00e3o de dispositivos de conectividade, blindagem premium e plataforma de rastreamento. Durante a Exposec 2024, o grupo, [&hellip;]<\/p>\n","protected":false},"author":2,"featured_media":2166,"comment_status":"open","ping_status":"open","sticky":false,"template":"","format":"standard","meta":{"footnotes":""},"categories":[23],"tags":[],"class_list":{"0":"post-2165","1":"post","2":"type-post","3":"status-publish","4":"format-standard","5":"has-post-thumbnail","7":"category-feirasdenegocios"},"_links":{"self":[{"href":"https:\/\/tveventos.tv.br\/index.php?rest_route=\/wp\/v2\/posts\/2165","targetHints":{"allow":["GET"]}}],"collection":[{"href":"https:\/\/tveventos.tv.br\/index.php?rest_route=\/wp\/v2\/posts"}],"about":[{"href":"https:\/\/tveventos.tv.br\/index.php?rest_route=\/wp\/v2\/types\/post"}],"author":[{"embeddable":true,"href":"https:\/\/tveventos.tv.br\/index.php?rest_route=\/wp\/v2\/users\/2"}],"replies":[{"embeddable":true,"href":"https:\/\/tveventos.tv.br\/index.php?rest_route=%2Fwp%2Fv2%2Fcomments&post=2165"}],"version-history":[{"count":1,"href":"https:\/\/tveventos.tv.br\/index.php?rest_route=\/wp\/v2\/posts\/2165\/revisions"}],"predecessor-version":[{"id":2167,"href":"https:\/\/tveventos.tv.br\/index.php?rest_route=\/wp\/v2\/posts\/2165\/revisions\/2167"}],"wp:featuredmedia":[{"embeddable":true,"href":"https:\/\/tveventos.tv.br\/index.php?rest_route=\/wp\/v2\/media\/2166"}],"wp:attachment":[{"href":"https:\/\/tveventos.tv.br\/index.php?rest_route=%2Fwp%2Fv2%2Fmedia&parent=2165"}],"wp:term":[{"taxonomy":"category","embeddable":true,"href":"https:\/\/tveventos.tv.br\/index.php?rest_route=%2Fwp%2Fv2%2Fcategories&post=2165"},{"taxonomy":"post_tag","embeddable":true,"href":"https:\/\/tveventos.tv.br\/index.php?rest_route=%2Fwp%2Fv2%2Ftags&post=2165"}],"curies":[{"name":"wp","href":"https:\/\/api.w.org\/{rel}","templated":true}]}}