{"id":2174,"date":"2024-06-06T16:04:37","date_gmt":"2024-06-06T19:04:37","guid":{"rendered":"https:\/\/tveventos.tv.br\/?p=2174"},"modified":"2024-06-06T16:04:41","modified_gmt":"2024-06-06T19:04:41","slug":"25a-exposec-aponta-crescimento-da-feira-e-anuncia-a-participacao-de-novos-segmentos-do-setor","status":"publish","type":"post","link":"https:\/\/tveventos.tv.br\/?p=2174","title":{"rendered":"25\u00aa Exposec aponta crescimento da feira e anuncia a participa\u00e7\u00e3o de novos segmentos do setor"},"content":{"rendered":"\n<p><\/p>\n\n\n\n<p>A cerim\u00f4nia de abertura da 25\u00aa Exposec \u2013 Feira Internacional de Seguran\u00e7a foi realizada ao final do primeiro dia de evento, no S\u00e3o Paulo Expo, e contou com a participa\u00e7\u00e3o de representantes das esferas privada e p\u00fablica em n\u00edvel municipal, estadual e federal.<br>&nbsp;<\/p>\n\n\n\n<p>Para falar da import\u00e2ncia de mais uma edi\u00e7\u00e3o da feira e sua fundamental relev\u00e2ncia para os avan\u00e7os da seguran\u00e7a p\u00fablica e privada, entre as autoridades estavam presentes Maur\u00edcio Macedo, CEO da Fiera Milano Brasil, organizadora do evento, Selma Migliori, presidente da ABESE \u2013 Associa\u00e7\u00e3o Brasileira das Empresas de Sistemas Eletr\u00f4nicos de Seguran\u00e7a, realizadora da Exposec; Cristiano Campidelli, coordenador geral de Servi\u00e7os e Produtos da Pol\u00edcia Federal, Alcides Fagotti J\u00fanior, Secret\u00e1rio Municipal de Seguran\u00e7a Urbana em Exerc\u00edcio representando o Prefeito de S\u00e3o Paulo, Ricardo Nunes, M\u00e1rcio Jos\u00e9 Pontes, secret\u00e1rio de Seguran\u00e7a da cidade de Guarulhos, neste ato representando o prefeito Jos\u00e9 Mar\u00eda Guti\u00e9rrez Hern\u00e1ndez, conhecido como Gutti e Davison Gonzaga da Silva, gerente de Certifica\u00e7\u00e3o da Ag\u00eancia Nacional de Telecomunica\u00e7\u00f5es &#8211; ANATEL, representando o presidente Carlos Manuel Baigorri.<br>&nbsp;<\/p>\n\n\n\n<p>Maur\u00edcio Macedo, CEO da Fiera Milano Brasil, abriu a solenidade trazendo em n\u00fameros o crescimento da feira, refor\u00e7ando que a edi\u00e7\u00e3o de 2024 j\u00e1 superou todas as anteriores.<br>&nbsp;<\/p>\n\n\n\n<p>\u201cEm 2022 tivemos a maior edi\u00e7\u00e3o de todas, que foi superada pela edi\u00e7\u00e3o de 2023. Agora, em 2024, novamente, estamos abrindo a feira como a maior de todas. Aumentamos em 10% a \u00e1rea de exposi\u00e7\u00e3o e em 30% o n\u00famero de pr\u00e9-inscritos at\u00e9 o momento de abertura do evento. Foram 35 mil visitantes pr\u00e9-credenciados, sendo 85% desse p\u00fablico tomador de decis\u00e3o\u201d, afirma Macedo.<br>&nbsp;<\/p>\n\n\n\n<p>E esse aumento se estende para a \u00e1rea de cobertura do setor.&nbsp;Selma Migliori, presidente da ABESE, afirmou que&nbsp;para a edi\u00e7\u00e3o de 2025, a organiza\u00e7\u00e3o est\u00e1 trabalhando para inserir e aumentar setores como de autom\u00f3veis, de intelig\u00eancia especial, de ciberseguran\u00e7a e de pequenos provedores de acesso \u00e0 internet.<br>&nbsp;<\/p>\n\n\n\n<p>\u201cEssas tecnologias j\u00e1 est\u00e3o presentes nessa edi\u00e7\u00e3o, mas entendemos que \u00e9 hora de estruturar um espa\u00e7o ainda maior e mais espec\u00edfico para esses recursos, que direta ou indiretamente est\u00e3o relacionados com o crescimento e a aplica\u00e7\u00e3o da seguran\u00e7a eletr\u00f4nica pelo Brasil, seja no campo ou nas \u00e1reas urbanas. Com isso, reafirmamos o compromisso do Exposec como um ponto de encontro para discutir essas e outras quest\u00f5es, compartilhar conhecimentos e explorar solu\u00e7\u00f5es que possam moldar o futuro mais seguro\u201d, afirma Migliori.<br>&nbsp;<\/p>\n\n\n\n<p><strong>Regulamenta\u00e7\u00e3o e parcerias<\/strong><\/p>\n\n\n\n<p>Em um discurso marcado pelo bom humor, Davison Gonzaga da Silva, gerente de Certifica\u00e7\u00e3o da Ag\u00eancia Nacional de Telecomunica\u00e7\u00f5es &#8211; ANATEL, relembrou o papel importante da ag\u00eancia, que vai al\u00e9m de problemas com operadoras de telefonia.<br>&nbsp;<\/p>\n\n\n\n<p>\u201cO papel da Anatel \u00e9 tamb\u00e9m regulamentar as tecnologias. Todos n\u00f3s que usamos o sistema de seguran\u00e7a sem fio compartilhamos o meio. Ent\u00e3o, existe a necessidade de voc\u00ea ter uma regula\u00e7\u00e3o para ter um controle disso. Essas tecnologias tamb\u00e9m derivam de outras solu\u00e7\u00f5es como tecnologias de redes, sistemas de seguran\u00e7a, sistemas privados de redes wi-fi, NBRT, entre outras solu\u00e7\u00f5es que s\u00e3o muito utilizadas para sistemas de seguran\u00e7a\u201d, afirma o gerente da ag\u00eancia.<br>&nbsp;<\/p>\n\n\n\n<p>J\u00e1&nbsp;Alcides Fagotti J\u00fanior, secret\u00e1rio municipal de Seguran\u00e7a Urbana da Prefeitura de S\u00e3o Paulo, destacou a import\u00e2ncia das parcerias para integrar as tecnologias e promover cidades mais seguras. Fagotti afirmou que&nbsp;quem legisla sobre a seguran\u00e7a \u00e9 o federal e quem tem a compet\u00eancia constitucional \u00e9 o Estado, mas que as pessoas cobram cada vez mais as prefeituras para fazerem a seguran\u00e7a urbana, que envolve n\u00e3o s\u00f3 a seguran\u00e7a preventiva, mas tamb\u00e9m a ilumina\u00e7\u00e3o, sem\u00e1foro entre outras tecnologias.<br>&nbsp;<\/p>\n\n\n\n<p>\u201cDesde o final de 2023, temos o SmartSampa, um programa de c\u00e2meras que usa a plataforma integradora.Temos a meta de implantar 20.000 c\u00e2meras pr\u00f3prias da prefeitura de S\u00e3o Paulo at\u00e9 o final do ano. Para colaborar com a seguran\u00e7a, vamos incluir a Intelig\u00eancia Artificial na c\u00e2mara do cidad\u00e3o, que, \u00e0s vezes, \u00e9 uma c\u00e2mara que n\u00e3o tem esse recurso, mas a gente consegue fazer isso atrav\u00e9s da plataforma. A gente acredita muito nessa jun\u00e7\u00e3o do privado com o p\u00fablico em prol a seguran\u00e7a da cidade\u201d, disse o secret\u00e1rio municipal.<br>&nbsp;<\/p>\n\n\n\n<p><strong>Conectividade impulsiona empresas de tecnologia e seguran\u00e7a<\/strong><br>&nbsp;<\/p>\n\n\n\n<p>Em um mercado cada vez mais interconectado, as demandas por solu\u00e7\u00f5es robustas de conectividade e seguran\u00e7a nunca foram t\u00e3o exigidas. Empresas l\u00edderes do setor que participam da Exposec 2024 est\u00e3o na dianteira dessa revolu\u00e7\u00e3o, com solu\u00e7\u00f5es que prometem n\u00e3o apenas conectar, mas tamb\u00e9m proteger o usu\u00e1rio final e colaborar com o trabalho dos t\u00e9cnicos e operadores dessas tecnologias.<\/p>\n\n\n\n<p><br>Para Gustavo Nazario, engenheiro t\u00e9cnico da&nbsp;<strong>Came<\/strong>, a chave para uma conectividade eficiente reside na integra\u00e7\u00e3o perfeita entre dispositivos e sistemas. &#8220;Nossas solu\u00e7\u00f5es s\u00e3o projetadas para facilitar o uso dos nossos equipamentos e otimizar o servi\u00e7o dos t\u00e9cnicos. Por exemplo, os usu\u00e1rios podem configurar nossas cancelas pelo celular e, em caso de problema ou necessidade de fazer alguma atualiza\u00e7\u00e3o, o profissional respons\u00e1vel tamb\u00e9m pode realizar o processo de forma remota, economizando tempo e custos de deslocamento&#8221;, afirma Naz\u00e1rio.<\/p>\n\n\n\n<p>J\u00e1 segundo Christian Botelho, l\u00edder de desenvolvimento de produtos da&nbsp;<strong>Intelbras<\/strong>, a seguran\u00e7a \u00e9 uma preocupa\u00e7\u00e3o central em qualquer ambiente conectado. &#8220;Para grandes corpora\u00e7\u00f5es, \u00e9 sempre importante oferecer uma variedade de dispositivos, criando uma integra\u00e7\u00e3o entre eles&#8221;, destaca Botelho. &#8220;Oferecemos c\u00e2meras, alarmes, central de inc\u00eandio, antenas antifurto, bodycams, dispositivos faciais, entre outros equipamentos que est\u00e3o conectados em nosso software chamado Defense IA&#8221;.<\/p>\n\n\n\n<p><br>Com o software da empresa, \u00e9 poss\u00edvel realizar um videomonitoramento mais eficiente por meio de c\u00e2meras inteligentes, que capturam imagens coloridas por meio de sensores de alta sensibilidade, mesmo em ambientes escuros. \u201cA integra\u00e7\u00e3o \u00e9 essencial para a otimiza\u00e7\u00e3o dos treinamentos. Por ser um \u00fanico local de acesso \u00e0s informa\u00e7\u00f5es, podemos realizar o treinamento em um \u00fanico curso\u201d, diz Botelho.<\/p>\n\n\n\n<p><br>A conectividade contribui de forma decisiva para a evolu\u00e7\u00e3o das solu\u00e7\u00f5es tecnol\u00f3gicas, beneficiando tanto os profissionais quanto os usu\u00e1rios finais. Com a integra\u00e7\u00e3o eficiente entre dispositivos e sistemas, o trabalho \u00e9 aprimorado, e os usu\u00e1rios finais desfrutam de maior seguran\u00e7a e praticidade. Essa sinergia impulsiona o mercado como um todo, fomentando a inova\u00e7\u00e3o e aprimorando continuamente os servi\u00e7os e produtos oferecidos.<\/p>\n\n\n\n<p><br><strong>Scati apresenta c\u00e2meras t\u00e9rmicas de alta precis\u00e3o na Exposec<\/strong><\/p>\n\n\n\n<p>O conceito &#8220;Safe City&#8221; (cidade segura) foi o grande destaque da Arena ABESE durante a Feira Internacional de Seguran\u00e7a, que segue at\u00e9 o dia 6, no S\u00e3o Paulo Expo. Dentre as empresas que marcaram presen\u00e7a na feira, a&nbsp;<strong>Scati<\/strong>, fabricante de sistemas de v\u00eddeo inteligente, se diferenciou por suas solu\u00e7\u00f5es envolvendo c\u00e2meras\/radares t\u00e9rmicos,&nbsp;capazes de detectar movimentos a grandes dist\u00e2ncias.<\/p>\n\n\n\n<p><br>Chamado de ThermalScan, o equipamento possui uma tecnologia espanhola, que oferece cobertura 360\u00b0, pode detectar e rastrear m\u00faltiplos alvos, como pessoas e ve\u00edculos, em condi\u00e7\u00f5es clim\u00e1ticas adversas, fornecendo imagens de alta resolu\u00e7\u00e3o mesmo na escurid\u00e3o total. \u201cEm caso de pessoas, a detec\u00e7\u00e3o de movimento pode ser feita em at\u00e9 700 metros. J\u00e1 em ve\u00edculos, em at\u00e9 2 quil\u00f4metros&#8221;, explicou Anderson Sena, respons\u00e1vel pelo suporte t\u00e9cnico da empresa.<\/p>\n\n\n\n<p><br>O equipamento \u00e9 ideal para a prote\u00e7\u00e3o total de \u00e1reas perimetrais muito grandes e irregulares, como portos e aeroportos, \u00e1reas selvagens terrestres e mar\u00edtimas. &#8220;Na Espanha, por exemplo, uma empresa especializada em c\u00e9lulas solares utiliza o ThermalScan por conta da ondula\u00e7\u00e3o do terreno. Nosso produto simplifica a instala\u00e7\u00e3o e a manuten\u00e7\u00e3o do sistema em compara\u00e7\u00e3o com as c\u00e2meras convencionais&#8221;, afirmou Sena.<\/p>\n\n\n\n<p><br>Embora a tecnologia seja de origem espanhola, a Scati est\u00e1 presente no Brasil e tem observado uma boa ades\u00e3o no mercado local. &#8220;Temos muitos clientes aqui no pa\u00eds, onde oferecemos diversas solu\u00e7\u00f5es, mas os pedidos por equipamentos t\u00e9rmicos v\u00eam crescendo cada vez mais&#8221;, disse o especialista.<\/p>\n\n\n\n<p>Anderson tamb\u00e9m comentou sobre a participa\u00e7\u00e3o dos visitantes na feira. &#8220;Todos que conheceram o ThermalScan gostaram. Sempre que eles desejam algo a mais, levamos suas sugest\u00f5es para a nossa equipe, que trabalha para desenvolver a melhor experi\u00eancia poss\u00edvel. A intera\u00e7\u00e3o com os visitantes \u00e9 fundamental, pois nos permite aprimorar continuamente nossos produtos e atender \u00e0s expectativas de nossos clientes.&#8221;<\/p>\n\n\n\n<p><br><strong>Empresa oferece dispositivo de rastreamento de carretas alimentado por energia solar<\/strong><br>&nbsp;<\/p>\n\n\n\n<p>Ter maior controle sobre o patrim\u00f4nio \u00e9 um dos pontos mais importantes para os propriet\u00e1rios de frotas dos mais diversos tipos de ve\u00edculos. Por isso, o setor de rastreamento n\u00e3o para de se aperfei\u00e7oar e oferecer solu\u00e7\u00f5es cada vez mais alinhadas com os mais diversos tipos de necessidade.<br>&nbsp;<\/p>\n\n\n\n<p>Entre essas demandas est\u00e1 a dos donos de carretas, que, geralmente, se apresentam em maior n\u00famero do que o de caminh\u00f5es. As carretas desacopladas ficam mais vulner\u00e1veis a roubos, uma vez que os rastreadores, geralmente, est\u00e3o conectados ao caminh\u00e3o, seja o dispositivo ou o suprimento energ\u00e9tico.<br>&nbsp;<\/p>\n\n\n\n<p>Para resolver esse problema, o&nbsp;<strong>Grupo Tracker<\/strong>&nbsp;levou para a Exposec 2024 um rastreador para carretas 100% alimentado por energia solar.<br>&nbsp;<\/p>\n\n\n\n<p>\u201cQuando o ve\u00edculo est\u00e1 ligado e acoplado, minuto e minuto ele atualiza. A partir do momento que ele est\u00e1 desacoplado, ele passa a atualizar a cada 12 horas com a energia solar, o tempo de funcionamento \u00e9 \u2018infinito\u2019, desde que ele tenha alimenta\u00e7\u00e3o, e se voc\u00ea colocar eventualmente essa carreta num local coberto, ele ainda tem 25 dias de vida \u00fatil\u201d, explica F\u00e1bio Teixeira, representante comercial da empresa.<br>&nbsp;<\/p>\n\n\n\n<p><strong>USP e ABESE desenvolvem placa base com IA para diferentes demandas de seguran\u00e7a<\/strong><br>&nbsp;<\/p>\n\n\n\n<p>A ABESE firmou uma parceria com a USP (Universidade de S\u00e3o Paulo), atrav\u00e9s de um conv\u00eanio com o Centro de Inova\u00e7\u00e3o da universidade, o Inova USP, para trazer a pesquisa de ponta ao mercado de seguran\u00e7a eletr\u00f4nica.<br>&nbsp;<\/p>\n\n\n\n<p>Um dos projetos que a USP vem trabalhando, financiado pelo Minist\u00e9rio de Ci\u00eancia e Tecnologia em n\u00edvel federal, \u00e9 o Caninos Loucos: uma placa com tecnologia nacional, robusta, n\u00e3o sai de linha e que n\u00e3o tem um propriet\u00e1rio em espec\u00edfico.<br>&nbsp;<\/p>\n\n\n\n<p>Trata-se de uma placa de internet que roda aplica\u00e7\u00f5es variadas e pode ser embarcada de sem\u00e1foros a viaturas da Pol\u00edcia Militar, iniciativa que deu origem ao Projeto Sentinela, desenvolvido pela USP junto com a PM do estado de S\u00e3o Paulo e patrocinado pelo BNDES.<br>&nbsp;<\/p>\n\n\n\n<p>O intuito \u00e9 colocar essa tecnologia dentro das viaturas. Um projeto piloto j\u00e1 come\u00e7ou, e a placa foi instalada em 20 viaturas. O dispositivo completo conta com uma c\u00e2mera convencional com a placa base e programada com uma Intelig\u00eancia Artificial de entendimento de padr\u00f5es, como de arma de fogo, colis\u00e3o de ve\u00edculos, verifica\u00e7\u00e3o de placas de poss\u00edveis ve\u00edculos roubados e muito mais.<br>&nbsp;<\/p>\n\n\n\n<p>\u201cA c\u00e2mera fica em cima do painel, voltada para o lado de fora. A c\u00e2mera capta as imagens enquanto a intelig\u00eancia artificial as analisa. As informa\u00e7\u00f5es s\u00e3o enviadas para a nuvem, para o computador de grande porte. Quando ela identifica, por exemplo, a placa de um carro, ela s\u00f3 verifica se essa placa \u00e9 roubada ou n\u00e3o. O dispositivo se conecta a uma internet de baix\u00edssimo custo, um a dois d\u00f3lares ao ano, e manda um boletim de ocorr\u00eancia diretamente para a central em tr\u00eas segundos, para acionar o atendimento da Pol\u00edcia Militar\u201d, explica Robson Arantes, gestor de inova\u00e7\u00e3o da Abese.<br>&nbsp;<\/p>\n\n\n\n<p>Arantes ressalta que o supercomputador da USP fez uma aprendizagem da m\u00e1quina, que \u00e9 ensinada visualmente pela imagem a identificar objetos como uma arma, por exemplo. Uma evolu\u00e7\u00e3o do sistema \u00e9 a sua ida para a ind\u00fastria de autom\u00f3veis de passeio, tanto com a c\u00e2mera para o lado de fora, como para o lado de dentro que pode identificar at\u00e9 um sequestro.<br>&nbsp;<\/p>\n\n\n\n<p>\u201cEnt\u00e3o, agora as empresas de sistemas eletr\u00f4nicos de seguran\u00e7a poder\u00e3o requisitar esses aprendizados e us\u00e1-los na mesma placa. Anteriormente teria que importar isso da Coreia, da China, mas, agora, n\u00f3s podemos desenvolver nossos algoritmos com placas nacionais. A USP tamb\u00e9m est\u00e1 produzindo os chips nacionais. Com esse programa da USP, n\u00f3s estamos tendo uma independ\u00eancia tecnol\u00f3gica at\u00e9 para n\u00e3o ter&nbsp;<em>blackdoors<\/em>, que s\u00e3o aquelas portas obscuras que os hackers usam para entrar. No processo de seguran\u00e7a eletr\u00f4nica n\u00f3s n\u00e3o podemos ter isso. Uma forma de alcan\u00e7ar a supremacia tecnol\u00f3gica do Brasil\u201d, finaliza.<br>&nbsp;<\/p>\n\n\n\n<p><strong>Seguran\u00e7a e ilumina\u00e7\u00e3o para casas inteligentes<\/strong><br>&nbsp;<\/p>\n\n\n\n<p>Entre os 24 setores do mercado de seguran\u00e7a que est\u00e3o sendo apresentados na 25\u00aa edi\u00e7\u00e3o da Exposec, h\u00e1 solu\u00e7\u00f5es em dispositivos e sistemas para a seguran\u00e7a de resid\u00eancias. A&nbsp;<strong>Intelbras<\/strong>&nbsp;apresenta sistemas inteligentes com recursos da Intelig\u00eancia Artificial, que tamb\u00e9m permitem a integra\u00e7\u00e3o com Alexa, para facilitar o dia a dia dos moradores. Entre os destaques para casas inteligentes, est\u00e3o as solu\u00e7\u00f5es de energia e seguran\u00e7a.<br>&nbsp;<\/p>\n\n\n\n<p>Como diz o ditado, seguran\u00e7a em primeiro lugar! Ent\u00e3o, a empresa aprimorou tecnologias para fechaduras digitais e c\u00e2meras de seguran\u00e7a. \u201cTodas essas tecnologias est\u00e3o integradas e visam trazer conforto para o usu\u00e1rio final. Dessa forma, a pessoa pode monitorar sua rotina e observar quais medidas ou a\u00e7\u00f5es de seguran\u00e7a s\u00e3o necess\u00e1rias adotar para continuar com a prote\u00e7\u00e3o pessoal e do lar elevados\u201d, afirma Leandro Luis Felipetto, analista de produtos de Casas Inteligentes da Intelbras.<br>&nbsp;<\/p>\n\n\n\n<p>A empresa usou o evento para mostrar ao mercado seu mais recente lan\u00e7amento na \u00e1rea de ilumina\u00e7\u00e3o: interruptores com tomada. De acordo com Felipetto, essa \u00e9 uma demanda de mercado antiga, principalmente na \u00e1rea da constru\u00e7\u00e3o civil. \u201cAs instala\u00e7\u00f5es de interruptores com tomadas, geralmente, s\u00e3o utilizadas somente em lavabos e banheiros. No estande o visitante pode conhecer detalhes de novos modelos com um e dois interruptores inteligentes, capazes de medir o consumo de energia dos produtos conectados, permitindo economia de energia e melhor manuten\u00e7\u00e3o dos aparelhos. Tudo isso por meio do nosso aplicativo Izy Smart.\u201d<\/p>\n\n\n\n<p><strong>Servi\u00e7o<\/strong><\/p>\n\n\n\n<p>Exposec 2024 &#8211; Feira Internacional de Seguran\u00e7a<\/p>\n\n\n\n<p>Data: 4 a 6 de junho<\/p>\n\n\n\n<p>Hor\u00e1rio: das 13h \u00e0s 20h<\/p>\n\n\n\n<p>Local: S\u00e3o Paulo Expo<\/p>\n\n\n\n<p>Endere\u00e7o: Rod. dos Imigrantes, km 1,5 \u2013 Vila \u00c1gua Funda, S\u00e3o Paulo \u2013 SP<\/p>\n\n\n\n<p>Transfer Gratuito:&nbsp;Esta\u00e7\u00e3o Santos\u2013Imigrantes da Linha 2\u2013Verde do Metr\u00f4. Av Ricardo Jafet s\/n sentido Imigrantes<\/p>\n\n\n\n<p>Mais informa\u00e7\u00f5es acesse\u00a0<a href=\"https:\/\/www.exposec.com.br\/\" target=\"_blank\" rel=\"noreferrer noopener\"><u>aqui<\/u><\/a>.<\/p>\n\n\n\n<p><strong>Sobre a Fiera Milano Brasil<\/strong><\/p>\n\n\n\n<p>A Fiera Milano Brasil\u00a0\u00e9 a\u00a0filial brasileira da Fiera Milano, um dos maiores players de feiras e congressos do mundo que a cada ano atraem aproximadamente 30 mil expositores e mais de cinco milh\u00f5es de visitantes.\u00a0No Brasil, s\u00e3o realizadas\u00a0nove\u00a0feiras que representam os mais diversos segmentos da economia, como seguran\u00e7a, energias limpas e renov\u00e1veis, tubos e conex\u00f5es, cabos, sa\u00fade no trabalho, tecnologias em reabilita\u00e7\u00e3o, inclus\u00e3o e acessibilidade, entre outras. Entre as principais marcas do portf\u00f3lio est\u00e3o Exposec, Fisp, Fire Show, Congresso Ecoenergy, Fruit Attraction S\u00e3o Paulo, em parceria com IFEMA Madrid, Reatech,\u00a0Tubotech, wire Brasil e Esquadria Show, em parceria com N\u00fcrnbergMesse Brasil. Mais informa\u00e7\u00f5es acesse\u00a0<a href=\"https:\/\/www.fieramilanobrasil.com.br\/\" target=\"_blank\" rel=\"noreferrer noopener\">aqui<\/a>.<\/p>\n","protected":false},"excerpt":{"rendered":"<p>A cerim\u00f4nia de abertura da 25\u00aa Exposec \u2013 Feira Internacional de Seguran\u00e7a foi realizada ao final do primeiro dia de evento, no S\u00e3o Paulo Expo, e contou com a participa\u00e7\u00e3o de representantes das esferas privada e p\u00fablica em n\u00edvel municipal, estadual e federal.&nbsp; Para falar da import\u00e2ncia de mais uma edi\u00e7\u00e3o da feira e sua [&hellip;]<\/p>\n","protected":false},"author":2,"featured_media":2175,"comment_status":"open","ping_status":"open","sticky":false,"template":"","format":"standard","meta":{"footnotes":""},"categories":[23],"tags":[],"class_list":{"0":"post-2174","1":"post","2":"type-post","3":"status-publish","4":"format-standard","5":"has-post-thumbnail","7":"category-feirasdenegocios"},"_links":{"self":[{"href":"https:\/\/tveventos.tv.br\/index.php?rest_route=\/wp\/v2\/posts\/2174","targetHints":{"allow":["GET"]}}],"collection":[{"href":"https:\/\/tveventos.tv.br\/index.php?rest_route=\/wp\/v2\/posts"}],"about":[{"href":"https:\/\/tveventos.tv.br\/index.php?rest_route=\/wp\/v2\/types\/post"}],"author":[{"embeddable":true,"href":"https:\/\/tveventos.tv.br\/index.php?rest_route=\/wp\/v2\/users\/2"}],"replies":[{"embeddable":true,"href":"https:\/\/tveventos.tv.br\/index.php?rest_route=%2Fwp%2Fv2%2Fcomments&post=2174"}],"version-history":[{"count":1,"href":"https:\/\/tveventos.tv.br\/index.php?rest_route=\/wp\/v2\/posts\/2174\/revisions"}],"predecessor-version":[{"id":2176,"href":"https:\/\/tveventos.tv.br\/index.php?rest_route=\/wp\/v2\/posts\/2174\/revisions\/2176"}],"wp:featuredmedia":[{"embeddable":true,"href":"https:\/\/tveventos.tv.br\/index.php?rest_route=\/wp\/v2\/media\/2175"}],"wp:attachment":[{"href":"https:\/\/tveventos.tv.br\/index.php?rest_route=%2Fwp%2Fv2%2Fmedia&parent=2174"}],"wp:term":[{"taxonomy":"category","embeddable":true,"href":"https:\/\/tveventos.tv.br\/index.php?rest_route=%2Fwp%2Fv2%2Fcategories&post=2174"},{"taxonomy":"post_tag","embeddable":true,"href":"https:\/\/tveventos.tv.br\/index.php?rest_route=%2Fwp%2Fv2%2Ftags&post=2174"}],"curies":[{"name":"wp","href":"https:\/\/api.w.org\/{rel}","templated":true}]}}