{"id":2177,"date":"2024-06-06T16:07:56","date_gmt":"2024-06-06T19:07:56","guid":{"rendered":"https:\/\/tveventos.tv.br\/?p=2177"},"modified":"2024-06-06T16:07:59","modified_gmt":"2024-06-06T19:07:59","slug":"abimad38-abre-credenciamento","status":"publish","type":"post","link":"https:\/\/tveventos.tv.br\/?p=2177","title":{"rendered":"ABIMAD&#8217;38 ABRE CREDENCIAMENTO"},"content":{"rendered":"\n<p class=\"has-text-align-center\"><em>Associa\u00e7\u00e3o Brasileira das Ind\u00fastrias de M\u00f3veis de Alta Decora\u00e7\u00e3o abre credenciamento para cobertura da ABIMAD&#8217;38<\/em><\/p>\n\n\n\n<p>J\u00e1 est\u00e1 aberto o credenciamento para jornalistas e influenciadores digitais que queiram realizar a cobertura da<strong>&nbsp;38\u00aa edi\u00e7\u00e3o<\/strong>&nbsp;da ABIMAD. Considerada a principal feira de m\u00f3veis e acess\u00f3rios de alta decora\u00e7\u00e3o da Am\u00e9rica Latina e \u00fanica do setor focada em neg\u00f3cios, a&nbsp;<strong>ABIMAD\u201938<\/strong>&nbsp;acontece entre os dias&nbsp;<strong>16&nbsp;<\/strong>e&nbsp;<strong>19&nbsp;<\/strong>de<strong>&nbsp;julho<\/strong>, no S\u00e3o Paulo Expo, e ir\u00e1 reunir os maiores nomes da ind\u00fastria do mobili\u00e1rio, acess\u00f3rios e artigos de decora\u00e7\u00e3o para apresentar as novidades e as principais tend\u00eancias para um p\u00fablico seleto de lojistas do Brasil e do exterior. Ser\u00e3o mais de 100 expositores distribu\u00eddos em uma \u00e1rea de 25 mil m\u00b2, com a expectativa de receber mais de 10 mil visitantes.<\/p>\n\n\n\n<p>A pr\u00f3xima edi\u00e7\u00e3o trar\u00e1 duas participa\u00e7\u00f5es in\u00e9ditas, a Sala Vip ser\u00e1 assinada pelo arquiteto Renato Mendon\u00e7a e a Sala de Imprensa e a curadoria das pe\u00e7as \u201cBest in Show\u201d ficar\u00e1 a cargo da jornalista Regina Galv\u00e3o, da Revista Habitare.<\/p>\n\n\n\n<p>Para se credenciar, basta responder o formul\u00e1rio dispon\u00edvel em\u00a0<a href=\"https:\/\/forms.gle\/RgPgxjpiVMKpxw6X7\" target=\"_blank\" rel=\"noreferrer noopener\">https:\/\/forms.gle\/RgPgxjpiVMKpxw6X7<\/a>.<\/p>\n","protected":false},"excerpt":{"rendered":"<p>Associa\u00e7\u00e3o Brasileira das Ind\u00fastrias de M\u00f3veis de Alta Decora\u00e7\u00e3o abre credenciamento para cobertura da ABIMAD&#8217;38 J\u00e1 est\u00e1 aberto o credenciamento para jornalistas e influenciadores digitais que queiram realizar a cobertura da&nbsp;38\u00aa edi\u00e7\u00e3o&nbsp;da ABIMAD. Considerada a principal feira de m\u00f3veis e acess\u00f3rios de alta decora\u00e7\u00e3o da Am\u00e9rica Latina e \u00fanica do setor focada em neg\u00f3cios, a&nbsp;ABIMAD\u201938&nbsp;acontece [&hellip;]<\/p>\n","protected":false},"author":2,"featured_media":2178,"comment_status":"open","ping_status":"open","sticky":false,"template":"","format":"standard","meta":{"footnotes":""},"categories":[23],"tags":[],"class_list":{"0":"post-2177","1":"post","2":"type-post","3":"status-publish","4":"format-standard","5":"has-post-thumbnail","7":"category-feirasdenegocios"},"_links":{"self":[{"href":"https:\/\/tveventos.tv.br\/index.php?rest_route=\/wp\/v2\/posts\/2177","targetHints":{"allow":["GET"]}}],"collection":[{"href":"https:\/\/tveventos.tv.br\/index.php?rest_route=\/wp\/v2\/posts"}],"about":[{"href":"https:\/\/tveventos.tv.br\/index.php?rest_route=\/wp\/v2\/types\/post"}],"author":[{"embeddable":true,"href":"https:\/\/tveventos.tv.br\/index.php?rest_route=\/wp\/v2\/users\/2"}],"replies":[{"embeddable":true,"href":"https:\/\/tveventos.tv.br\/index.php?rest_route=%2Fwp%2Fv2%2Fcomments&post=2177"}],"version-history":[{"count":1,"href":"https:\/\/tveventos.tv.br\/index.php?rest_route=\/wp\/v2\/posts\/2177\/revisions"}],"predecessor-version":[{"id":2179,"href":"https:\/\/tveventos.tv.br\/index.php?rest_route=\/wp\/v2\/posts\/2177\/revisions\/2179"}],"wp:featuredmedia":[{"embeddable":true,"href":"https:\/\/tveventos.tv.br\/index.php?rest_route=\/wp\/v2\/media\/2178"}],"wp:attachment":[{"href":"https:\/\/tveventos.tv.br\/index.php?rest_route=%2Fwp%2Fv2%2Fmedia&parent=2177"}],"wp:term":[{"taxonomy":"category","embeddable":true,"href":"https:\/\/tveventos.tv.br\/index.php?rest_route=%2Fwp%2Fv2%2Fcategories&post=2177"},{"taxonomy":"post_tag","embeddable":true,"href":"https:\/\/tveventos.tv.br\/index.php?rest_route=%2Fwp%2Fv2%2Ftags&post=2177"}],"curies":[{"name":"wp","href":"https:\/\/api.w.org\/{rel}","templated":true}]}}