{"id":2180,"date":"2024-06-06T16:10:33","date_gmt":"2024-06-06T19:10:33","guid":{"rendered":"https:\/\/tveventos.tv.br\/?p=2180"},"modified":"2024-06-06T16:10:36","modified_gmt":"2024-06-06T19:10:36","slug":"ebs-2024-sustentabilidade-diversidade-e-inclusao-sao-destaques-no-inicio-do-evento","status":"publish","type":"post","link":"https:\/\/tveventos.tv.br\/?p=2180","title":{"rendered":"EBS 2024: sustentabilidade, diversidade e inclus\u00e3o s\u00e3o destaques no in\u00edcio do evento"},"content":{"rendered":"\n<p class=\"has-text-align-center\"><em>Cuidados com o meio ambiente e integra\u00e7\u00e3o de pessoas ganham destaque no primeiro dia de feira<\/em><\/p>\n\n\n\n<p>O primeiro dia de EBS come\u00e7ou movimentado, com importantes players do mercado se encontrando durante o Speed Meeting, a rodada de neg\u00f3cios promovida pela feira antes da abertura dos port\u00f5es para o p\u00fablico. Nos estandes, \u00e9 poss\u00edvel observar o que ser\u00e1 tend\u00eancia para o segmento MICE (eventos corporativos, incentivos, congressos e feiras) durante os pr\u00f3ximos meses de 2024, tendo como destaque a sustentabilidade, diversidade e inclus\u00e3o.<\/p>\n\n\n\n<p>O evento, que \u00e9 um dos mais importantes do setor, conta com mais de 80 expositores apresentando destinos, espa\u00e7os e solu\u00e7\u00f5es. Assim, \u00e9 poss\u00edvel observar e compreender o caminho que o mercado do turismo de neg\u00f3cios tende a seguir ap\u00f3s o crescimento significativo que teve no \u00faltimo ano, atingindo R$13,5 bilh\u00f5es de faturamento, segundo o Minist\u00e9rio do Turismo.<\/p>\n\n\n\n<p>Confira alguns destaques.<\/p>\n\n\n\n<p><strong>Sustentabilidade<\/strong><\/p>\n\n\n\n<p>Quando falamos de eventos corporativos, os res\u00edduos gerados s\u00e3o uma grande preocupa\u00e7\u00e3o, principalmente se esses itens s\u00e3o descartados incorretamente. Pensando nisso, o Grupo R1 trouxe para a feira EBS, al\u00e9m de seu amplo portf\u00f3lio tecnol\u00f3gico, novas cenografias, designs e uma calculadora inteligente que traz o resultado de performance sustent\u00e1vel do evento, fazendo a gest\u00e3o de todos os res\u00edduos que foram utilizados.<\/p>\n\n\n\n<p>\u201cN\u00f3s criamos um sistema onde o nosso cliente recebe o c\u00e1lculo de quanto res\u00edduo foi gerado e o que foi feito com esse res\u00edduo e quanto ele economizou em rela\u00e7\u00e3o a uma outra forma de fazer cenografia ou evento de um modo geral. Ou seja, n\u00f3s utilizamos menos res\u00edduo do que uma montagem tradicional. Assim, temos zero destino para o aterro, j\u00e1 de equipamento, por exemplo, a gente est\u00e1 mudando todos os equipamentos que s\u00e3o a pilha para equipamentos que s\u00e3o com bateria recarreg\u00e1vel, Ent\u00e3o, parecem besteiras, mas n\u00e3o s\u00e3o. Isso faz uma grande diferen\u00e7a na quest\u00e3o ambiental. \u201cconta Marcelo Chanoft, Diretor e Co-fundador do Grupo R1.<\/p>\n\n\n\n<p><strong>Diversidade e Inclus\u00e3o<\/strong><\/p>\n\n\n\n<p>A import\u00e2ncia de abordar a diversidade e inclus\u00e3o em eventos, especialmente considerando o cen\u00e1rio brasileiro, onde a variedade de etnias, g\u00eaneros, orienta\u00e7\u00f5es sexuais \u00e9 uma caracter\u00edstica marcante segue em alta no mercado corporativo. Uma mat\u00e9ria divulgada pelo jornalista Ramiro Brites em 2023, para a Revista Veja, aponta que 80% das marcas investem em diversidade e inclus\u00e3o, dedicando suas estrat\u00e9gias e or\u00e7amento para a\u00e7\u00f5es inclusivas.<\/p>\n\n\n\n<p>Pessoas com defici\u00eancia, s\u00e3o outro grupo que inspira mudan\u00e7as. Mesmo com dados recentes divulgados pelo IBGE em 2023 apontando que cerca de 8,9% da popula\u00e7\u00e3o brasileira apresenta algum tipo de defici\u00eancia, estas pessoas enfrentam dificuldades em ambientes pouco ou n\u00e3o adaptados para sua conviv\u00eancia, incluindo eventos e outras atividades sociais.<\/p>\n\n\n\n<p>Para Cris Kerr, fundadora da CKZ Diversidade, empresa que se destaca por suas iniciativas no campo da diversidade e inclus\u00e3o, oferecendo consultoria e treinamento especializados para organiza\u00e7\u00f5es que desejam promover ambientes mais equitativos, o momento do planejamento dos eventos \u00e9 crucial garantir a acessibilidade para uma experi\u00eancia inclusiva. \u201cIsso abrange desde a inscri\u00e7\u00e3o, com perguntas sobre necessidades espec\u00edficas, at\u00e9 a adapta\u00e7\u00e3o dos espa\u00e7os, como vagas de estacionamento e banheiros. A inclus\u00e3o atitudinal da equipe tamb\u00e9m \u00e9 fundamental. Por fim, os palestrantes devem oferecer sua audiodescri\u00e7\u00e3o, assegurando uma experi\u00eancia completa para todos os participantes&#8221;, acrescenta.<\/p>\n\n\n\n<p><strong>Sobre o Grupo EBS<\/strong><\/p>\n\n\n\n<p>O Grupo EBS \u00e9 l\u00edder de mercado na organiza\u00e7\u00e3o e promo\u00e7\u00e3o de eventos de neg\u00f3cios dedicados aos segmentos MICE (eventos corporativos, incentivos, feiras e congressos) e RH-T&amp;D (recursos humanos, treinamento &amp; desenvolvimento), possui um portf\u00f3lio de produtos que incluem a Feira EBS, o Congresso MICE Brasil, o Speed Meeting (rodada de neg\u00f3cios), a Revista EBS. O Grupo trabalha para gerar conte\u00fado, networking qualificado e neg\u00f3cios para toda a cadeia produtiva deste mercado, reunindo clientes finais, ag\u00eancias e fornecedores de produtos e servi\u00e7os para eventos corporativos e incentivos.<\/p>\n","protected":false},"excerpt":{"rendered":"<p>Cuidados com o meio ambiente e integra\u00e7\u00e3o de pessoas ganham destaque no primeiro dia de feira O primeiro dia de EBS come\u00e7ou movimentado, com importantes players do mercado se encontrando durante o Speed Meeting, a rodada de neg\u00f3cios promovida pela feira antes da abertura dos port\u00f5es para o p\u00fablico. Nos estandes, \u00e9 poss\u00edvel observar o [&hellip;]<\/p>\n","protected":false},"author":2,"featured_media":2181,"comment_status":"open","ping_status":"open","sticky":false,"template":"","format":"standard","meta":{"footnotes":""},"categories":[23],"tags":[],"class_list":{"0":"post-2180","1":"post","2":"type-post","3":"status-publish","4":"format-standard","5":"has-post-thumbnail","7":"category-feirasdenegocios"},"_links":{"self":[{"href":"https:\/\/tveventos.tv.br\/index.php?rest_route=\/wp\/v2\/posts\/2180","targetHints":{"allow":["GET"]}}],"collection":[{"href":"https:\/\/tveventos.tv.br\/index.php?rest_route=\/wp\/v2\/posts"}],"about":[{"href":"https:\/\/tveventos.tv.br\/index.php?rest_route=\/wp\/v2\/types\/post"}],"author":[{"embeddable":true,"href":"https:\/\/tveventos.tv.br\/index.php?rest_route=\/wp\/v2\/users\/2"}],"replies":[{"embeddable":true,"href":"https:\/\/tveventos.tv.br\/index.php?rest_route=%2Fwp%2Fv2%2Fcomments&post=2180"}],"version-history":[{"count":1,"href":"https:\/\/tveventos.tv.br\/index.php?rest_route=\/wp\/v2\/posts\/2180\/revisions"}],"predecessor-version":[{"id":2182,"href":"https:\/\/tveventos.tv.br\/index.php?rest_route=\/wp\/v2\/posts\/2180\/revisions\/2182"}],"wp:featuredmedia":[{"embeddable":true,"href":"https:\/\/tveventos.tv.br\/index.php?rest_route=\/wp\/v2\/media\/2181"}],"wp:attachment":[{"href":"https:\/\/tveventos.tv.br\/index.php?rest_route=%2Fwp%2Fv2%2Fmedia&parent=2180"}],"wp:term":[{"taxonomy":"category","embeddable":true,"href":"https:\/\/tveventos.tv.br\/index.php?rest_route=%2Fwp%2Fv2%2Fcategories&post=2180"},{"taxonomy":"post_tag","embeddable":true,"href":"https:\/\/tveventos.tv.br\/index.php?rest_route=%2Fwp%2Fv2%2Ftags&post=2180"}],"curies":[{"name":"wp","href":"https:\/\/api.w.org\/{rel}","templated":true}]}}