{"id":2184,"date":"2024-06-06T16:25:10","date_gmt":"2024-06-06T19:25:10","guid":{"rendered":"https:\/\/tveventos.tv.br\/?p=2184"},"modified":"2024-06-06T16:25:14","modified_gmt":"2024-06-06T19:25:14","slug":"festival-do-queijo-artesanal-de-minas-tera-espaco-para-a-promocao-de-negocios","status":"publish","type":"post","link":"https:\/\/tveventos.tv.br\/?p=2184","title":{"rendered":"Festival do Queijo Artesanal de Minas ter\u00e1 espa\u00e7o para a promo\u00e7\u00e3o de neg\u00f3cios"},"content":{"rendered":"\n<p class=\"has-text-align-center\"><em>Pequenos produtores mineiros v\u00e3o apresentar seus produtos para compradores de nove estados durante Agenda de Relacionamento<\/em><\/p>\n\n\n\n<p><em>Pequenos produtores mineiros v\u00e3o apresentar seus produtos para compradores de nove estados durante Agenda de Relacionamento<\/em><\/p>\n\n\n\n<p>Produtores mineiros de queijos e pequenas agroind\u00fastrias do estado v\u00e3o apresentar seus produtos para emp\u00f3rios e lojas de alimentos na Agenda de Relacionamento realizada durante o&nbsp;Festival do Queijo Artesanal de Minas (FQAM). O encontro acontece no Expominas, em Belo Horizonte, das 13h30 \u00e0s 18h, na sexta-feira (14\/6), segundo dia do festival.<\/p>\n\n\n\n<p>Ao contr\u00e1rio de outros encontros de neg\u00f3cios, a&nbsp;<em>Agenda de Relacionamento<\/em>&nbsp;possui uma din\u00e2mica diferenciada, com foco para a cria\u00e7\u00e3o de&nbsp;<em>network<\/em>, que contribui para contatos posteriores a fim de gerar neg\u00f3cios e firmar novas parcerias, ampliando a capacidade de comercializa\u00e7\u00e3o dos pequenos neg\u00f3cios ofertantes.<\/p>\n\n\n\n<p>Neste ano, a expectativa \u00e9 que o evento aproxime 40 produtores de queijos,&nbsp;doces, cacha\u00e7a, caf\u00e9s, mel e geleias com 16 potenciais compradores de S\u00e3o Paulo, Rio de Janeiro, Goi\u00e1s, Mato Grosso, Santa Catarina, Bahia, Maranh\u00e3o, Rio Grande do Sul e Distrito Federal.<\/p>\n\n\n\n<p><br>\u201cA Agenda de Relacionamento \u00e9 um importante instrumento de acesso ao mercado, que estimula o interc\u00e2mbio comercial entre quem oferece com quem procura um determinado produto. Al\u00e9m disso, \u00e9 um ambiente prop\u00edcio para fazer neg\u00f3cios, criar uma rede de contatos, realizar acordos de coopera\u00e7\u00e3o e prospectar vendas\u201d, afirma a analista do Sebrae Minas Danielle Fantini.<\/p>\n\n\n\n<p><br>E se por um lado, o evento \u00e9 uma oportunidade para os produtores se conectarem com novos clientes, por outro, \u00e9 uma chance para as empresas compradoras encontrarem em um s\u00f3 lugar fornecedores de produtos diversificados e de alta qualidade, que representam a tradi\u00e7\u00e3o e a ess\u00eancia de Minas Gerais.&nbsp;Al\u00e9m disso, a rela\u00e7\u00e3o direta com os produtores facilita negocia\u00e7\u00f5es mais favor\u00e1veis, resultando em melhores pre\u00e7os e condi\u00e7\u00f5es comerciais vantajosas para ambos os participantes da Agenda de Relacionamento.&nbsp;&nbsp;<\/p>\n\n\n\n<p><br>A analista de Assist\u00eancia T\u00e9cnica e Gerencial do Sistema Faemg Senar, Paula Lobato, explica que o evento est\u00e1 alinhado \u00e0 proposta do programa ATeG Agroind\u00fastria, que leva atendimento especializado em gest\u00e3o e t\u00e9cnicas de produ\u00e7\u00e3o at\u00e9 as propriedades, auxiliando na efici\u00eancia dos processos, controle de custo e forma\u00e7\u00e3o de pre\u00e7o de venda. \u201cO ATeG contribui para a melhoria da qualidade dos queijos, inser\u00e7\u00e3o dos produtores no mercado formal e o consequente aumento da rede de relacionamentos e comercializa\u00e7\u00e3o\u201d.<\/p>\n\n\n\n<p><strong>Origem Minas&nbsp;<\/strong><\/p>\n\n\n\n<p>Al\u00e9m de conectar produtores e empresas compradoras, o&nbsp;Festival do Queijo Artesanal de Minas&nbsp;tamb\u00e9m ter\u00e1 espa\u00e7o para os visitantes conhecerem, degustar e comprar as iguarias da gastronomia mineira.<\/p>\n\n\n\n<p>Durante os tr\u00eas dias do festival ser\u00e3o expostos e comercializados queijos de v\u00e1rias regi\u00f5es do estado, al\u00e9m de doces, quitandas, licores, cacha\u00e7a e geleias, feitos por pequenas agroind\u00fastrias apoiadas pelo projeto Origem Minas, uma iniciativa criada pelo Sebrae Minas em parceria com o Sistema Faemg\/Senar. \u201cHaver\u00e1 um estande coletivo onde p\u00fablico do festival vai ter acesso aos produtos da agroind\u00fastria mineira que expressam a mineiridade. Os visitantes ter\u00e3o a oportunidade de degustar e comprar diretamente dos produtores\u201d, justifica a analista do Sebrae Minas Danielle Fantini.<\/p>\n\n\n\n<p>\u201cO festival contar\u00e1 tamb\u00e9m com o Emp\u00f3rio Sistema Faemg Senar, uma vitrine para que produtores rurais possam expor e comercializar os seus produtos. S\u00e3o caf\u00e9s, doces, quitandas, defumados, licores e geleias, fabricados com o capricho e qualidade t\u00edpicos dos produtores rurais mineiros, e a expertise adquirida em cursos, treinamentos e Assist\u00eancia T\u00e9cnica e Gerencial do Senar Minas\u201d, acrescentou Paula Lobato.<\/p>\n\n\n\n<p><strong>6\u00aa edi\u00e7\u00e3o<\/strong><\/p>\n\n\n\n<p>Neste ano, o&nbsp;Festival do Queijo Artesanal de Minas (FQAM)&nbsp;ser\u00e1 realizado de 13 a 15 de junho. O evento \u00e9 promovido pelo Sebrae Minas e o Sistema Faemg Senar com o apoio da Secret\u00e1ria de Agricultura Pecu\u00e1ria e Abastecimento do Estado de Minas Gerais (Seapa) e a Associa\u00e7\u00e3o Mineira do Queijo Artesanal (Amiqueijo). A programa\u00e7\u00e3o do festival inclui ainda palestras e semin\u00e1rios t\u00e9cnicos, oficinas de harmoniza\u00e7\u00e3o e venda de produtos da agroind\u00fastria mineira, al\u00e9m da comercializa\u00e7\u00e3o de pratos preparados por chefs mineiros &#8211; apoiados pelo Programa Prepara Gastronomia -, que utilizar\u00e3o os queijos produzidos nas 13 regi\u00f5es do estado como ingredientes principais.<\/p>\n\n\n\n<p><strong>SERVI\u00c7O<br><\/strong><\/p>\n\n\n\n<p><strong>EVENTO:<\/strong>&nbsp;6\u00aa edi\u00e7\u00e3o do Festival do Queijo Artesanal de Minas&nbsp;<\/p>\n\n\n\n<p><strong>LOCAL:<\/strong>&nbsp;Expominas (Av. Amazonas, 6020 &#8211; Gameleira, Belo Horizonte) &nbsp;<\/p>\n\n\n\n<p><strong>DATA:<\/strong>&nbsp; 13\/06 &#8211; 12h \u00e0s 22h&nbsp;&nbsp;<\/p>\n\n\n\n<p>&nbsp;14\/06 &#8211; 12h \u00e0s 22h&nbsp;<\/p>\n\n\n\n<p>&nbsp;15\/06 &#8211; 10h \u00e0s 22h&nbsp;<\/p>\n\n\n\n<p><strong>Mais informa\u00e7\u00f5es e ingressos gratuitos:<\/strong><a href=\"http:\/\/www.festivalqam.com.br\/\" target=\"_blank\" rel=\"noreferrer noopener\">\u00a0<\/a><a href=\"http:\/\/www.festivalqam.com.br\/\" target=\"_blank\" rel=\"noreferrer noopener\">www.festivalqam.com.br<\/a>.<\/p>\n","protected":false},"excerpt":{"rendered":"<p>Pequenos produtores mineiros v\u00e3o apresentar seus produtos para compradores de nove estados durante Agenda de Relacionamento Pequenos produtores mineiros v\u00e3o apresentar seus produtos para compradores de nove estados durante Agenda de Relacionamento Produtores mineiros de queijos e pequenas agroind\u00fastrias do estado v\u00e3o apresentar seus produtos para emp\u00f3rios e lojas de alimentos na Agenda de Relacionamento [&hellip;]<\/p>\n","protected":false},"author":2,"featured_media":2186,"comment_status":"open","ping_status":"open","sticky":false,"template":"","format":"standard","meta":{"footnotes":""},"categories":[23],"tags":[],"class_list":{"0":"post-2184","1":"post","2":"type-post","3":"status-publish","4":"format-standard","5":"has-post-thumbnail","7":"category-feirasdenegocios"},"_links":{"self":[{"href":"https:\/\/tveventos.tv.br\/index.php?rest_route=\/wp\/v2\/posts\/2184","targetHints":{"allow":["GET"]}}],"collection":[{"href":"https:\/\/tveventos.tv.br\/index.php?rest_route=\/wp\/v2\/posts"}],"about":[{"href":"https:\/\/tveventos.tv.br\/index.php?rest_route=\/wp\/v2\/types\/post"}],"author":[{"embeddable":true,"href":"https:\/\/tveventos.tv.br\/index.php?rest_route=\/wp\/v2\/users\/2"}],"replies":[{"embeddable":true,"href":"https:\/\/tveventos.tv.br\/index.php?rest_route=%2Fwp%2Fv2%2Fcomments&post=2184"}],"version-history":[{"count":1,"href":"https:\/\/tveventos.tv.br\/index.php?rest_route=\/wp\/v2\/posts\/2184\/revisions"}],"predecessor-version":[{"id":2187,"href":"https:\/\/tveventos.tv.br\/index.php?rest_route=\/wp\/v2\/posts\/2184\/revisions\/2187"}],"wp:featuredmedia":[{"embeddable":true,"href":"https:\/\/tveventos.tv.br\/index.php?rest_route=\/wp\/v2\/media\/2186"}],"wp:attachment":[{"href":"https:\/\/tveventos.tv.br\/index.php?rest_route=%2Fwp%2Fv2%2Fmedia&parent=2184"}],"wp:term":[{"taxonomy":"category","embeddable":true,"href":"https:\/\/tveventos.tv.br\/index.php?rest_route=%2Fwp%2Fv2%2Fcategories&post=2184"},{"taxonomy":"post_tag","embeddable":true,"href":"https:\/\/tveventos.tv.br\/index.php?rest_route=%2Fwp%2Fv2%2Ftags&post=2184"}],"curies":[{"name":"wp","href":"https:\/\/api.w.org\/{rel}","templated":true}]}}