{"id":2189,"date":"2024-06-07T14:59:33","date_gmt":"2024-06-07T17:59:33","guid":{"rendered":"https:\/\/tveventos.tv.br\/?p=2189"},"modified":"2024-06-07T14:59:35","modified_gmt":"2024-06-07T17:59:35","slug":"abrint","status":"publish","type":"post","link":"https:\/\/tveventos.tv.br\/?p=2189","title":{"rendered":"ABRINT"},"content":{"rendered":"\n<p>O Encontro Nacional ABRINT (Associa\u00e7\u00e3o Brasileira de Provedores de Internet e Telecomunica\u00e7\u00f5es) tem como objetivo criar um ambiente favor\u00e1vel para o crescimento e a inova\u00e7\u00e3o dos provedores de internet, incentivando pol\u00edticas p\u00fablicas que estimulem investimentos em infraestrutura de rede e acesso \u00e0 internet de qualidade em todo o pa\u00eds. O evento conta com grandes atra\u00e7\u00f5es e especialistas confirmados, prontos para revelar as tend\u00eancias que v\u00e3o transformar o setor.<\/p>\n\n\n\n<p>Junte-se a n\u00f3s, nos dias 12 a 14 de junho, no Transam\u00e9rica Expo Center.<\/p>\n\n\n\n<p>Endere\u00e7o: Av. Dr. M\u00e1rio Vilas Boas Rodrigues 387, S\u00e3o Paulo, SP, 04757-020&nbsp;<\/p>\n","protected":false},"excerpt":{"rendered":"<p>O Encontro Nacional ABRINT (Associa\u00e7\u00e3o Brasileira de Provedores de Internet e Telecomunica\u00e7\u00f5es) tem como objetivo criar um ambiente favor\u00e1vel para o crescimento e a inova\u00e7\u00e3o dos provedores de internet, incentivando pol\u00edticas p\u00fablicas que estimulem investimentos em infraestrutura de rede e acesso \u00e0 internet de qualidade em todo o pa\u00eds. O evento conta com grandes atra\u00e7\u00f5es [&hellip;]<\/p>\n","protected":false},"author":3,"featured_media":2190,"comment_status":"open","ping_status":"open","sticky":false,"template":"","format":"standard","meta":{"footnotes":""},"categories":[25],"tags":[],"class_list":{"0":"post-2189","1":"post","2":"type-post","3":"status-publish","4":"format-standard","5":"has-post-thumbnail","7":"category-calendariodeeventos"},"_links":{"self":[{"href":"https:\/\/tveventos.tv.br\/index.php?rest_route=\/wp\/v2\/posts\/2189","targetHints":{"allow":["GET"]}}],"collection":[{"href":"https:\/\/tveventos.tv.br\/index.php?rest_route=\/wp\/v2\/posts"}],"about":[{"href":"https:\/\/tveventos.tv.br\/index.php?rest_route=\/wp\/v2\/types\/post"}],"author":[{"embeddable":true,"href":"https:\/\/tveventos.tv.br\/index.php?rest_route=\/wp\/v2\/users\/3"}],"replies":[{"embeddable":true,"href":"https:\/\/tveventos.tv.br\/index.php?rest_route=%2Fwp%2Fv2%2Fcomments&post=2189"}],"version-history":[{"count":1,"href":"https:\/\/tveventos.tv.br\/index.php?rest_route=\/wp\/v2\/posts\/2189\/revisions"}],"predecessor-version":[{"id":2191,"href":"https:\/\/tveventos.tv.br\/index.php?rest_route=\/wp\/v2\/posts\/2189\/revisions\/2191"}],"wp:featuredmedia":[{"embeddable":true,"href":"https:\/\/tveventos.tv.br\/index.php?rest_route=\/wp\/v2\/media\/2190"}],"wp:attachment":[{"href":"https:\/\/tveventos.tv.br\/index.php?rest_route=%2Fwp%2Fv2%2Fmedia&parent=2189"}],"wp:term":[{"taxonomy":"category","embeddable":true,"href":"https:\/\/tveventos.tv.br\/index.php?rest_route=%2Fwp%2Fv2%2Fcategories&post=2189"},{"taxonomy":"post_tag","embeddable":true,"href":"https:\/\/tveventos.tv.br\/index.php?rest_route=%2Fwp%2Fv2%2Ftags&post=2189"}],"curies":[{"name":"wp","href":"https:\/\/api.w.org\/{rel}","templated":true}]}}