{"id":2192,"date":"2024-06-07T15:02:09","date_gmt":"2024-06-07T18:02:09","guid":{"rendered":"https:\/\/tveventos.tv.br\/?p=2192"},"modified":"2024-06-07T15:06:16","modified_gmt":"2024-06-07T18:06:16","slug":"bio-brazil-fair","status":"publish","type":"post","link":"https:\/\/tveventos.tv.br\/?p=2192","title":{"rendered":"Bio Brazil Fair\u00a0"},"content":{"rendered":"\n<p>A Bio Brazil Fair | Biofach Am\u00e9rica Latina \u00e9 o evento mais importante do mercado org\u00e2nico no Brasil e na Am\u00e9rica Latina. Durante os quatro dias da feira, bilh\u00f5es de reais s\u00e3o movimentados em diversas \u00e1reas, desde alimentos at\u00e9 bebidas, moda, cosm\u00e9ticos, produtos de higiene e servi\u00e7os, todos org\u00e2nicos reconhecidos e certificados.<\/p>\n\n\n\n<p>Junte-se a n\u00f3s, nos dias 12 a 15 de junho das 13h \u00e0s 20h, no Distrito Anhembi.<\/p>\n\n\n\n<p>Endere\u00e7o: Avenida Olavo Fontoura, N\u00b0 1. 209\/Santana, S\u00e3o Paulo, SP, 02012-021<\/p>\n","protected":false},"excerpt":{"rendered":"<p>A Bio Brazil Fair | Biofach Am\u00e9rica Latina \u00e9 o evento mais importante do mercado org\u00e2nico no Brasil e na Am\u00e9rica Latina. Durante os quatro dias da feira, bilh\u00f5es de reais s\u00e3o movimentados em diversas \u00e1reas, desde alimentos at\u00e9 bebidas, moda, cosm\u00e9ticos, produtos de higiene e servi\u00e7os, todos org\u00e2nicos reconhecidos e certificados. Junte-se a n\u00f3s, [&hellip;]<\/p>\n","protected":false},"author":3,"featured_media":2193,"comment_status":"open","ping_status":"open","sticky":false,"template":"","format":"standard","meta":{"footnotes":""},"categories":[25],"tags":[],"class_list":{"0":"post-2192","1":"post","2":"type-post","3":"status-publish","4":"format-standard","5":"has-post-thumbnail","7":"category-calendariodeeventos"},"_links":{"self":[{"href":"https:\/\/tveventos.tv.br\/index.php?rest_route=\/wp\/v2\/posts\/2192","targetHints":{"allow":["GET"]}}],"collection":[{"href":"https:\/\/tveventos.tv.br\/index.php?rest_route=\/wp\/v2\/posts"}],"about":[{"href":"https:\/\/tveventos.tv.br\/index.php?rest_route=\/wp\/v2\/types\/post"}],"author":[{"embeddable":true,"href":"https:\/\/tveventos.tv.br\/index.php?rest_route=\/wp\/v2\/users\/3"}],"replies":[{"embeddable":true,"href":"https:\/\/tveventos.tv.br\/index.php?rest_route=%2Fwp%2Fv2%2Fcomments&post=2192"}],"version-history":[{"count":2,"href":"https:\/\/tveventos.tv.br\/index.php?rest_route=\/wp\/v2\/posts\/2192\/revisions"}],"predecessor-version":[{"id":2200,"href":"https:\/\/tveventos.tv.br\/index.php?rest_route=\/wp\/v2\/posts\/2192\/revisions\/2200"}],"wp:featuredmedia":[{"embeddable":true,"href":"https:\/\/tveventos.tv.br\/index.php?rest_route=\/wp\/v2\/media\/2193"}],"wp:attachment":[{"href":"https:\/\/tveventos.tv.br\/index.php?rest_route=%2Fwp%2Fv2%2Fmedia&parent=2192"}],"wp:term":[{"taxonomy":"category","embeddable":true,"href":"https:\/\/tveventos.tv.br\/index.php?rest_route=%2Fwp%2Fv2%2Fcategories&post=2192"},{"taxonomy":"post_tag","embeddable":true,"href":"https:\/\/tveventos.tv.br\/index.php?rest_route=%2Fwp%2Fv2%2Ftags&post=2192"}],"curies":[{"name":"wp","href":"https:\/\/api.w.org\/{rel}","templated":true}]}}