{"id":2195,"date":"2024-06-07T15:04:36","date_gmt":"2024-06-07T18:04:36","guid":{"rendered":"https:\/\/tveventos.tv.br\/?p=2195"},"modified":"2024-06-07T15:05:50","modified_gmt":"2024-06-07T18:05:50","slug":"naturaltech","status":"publish","type":"post","link":"https:\/\/tveventos.tv.br\/?p=2195","title":{"rendered":"NATURALTECH"},"content":{"rendered":"\n<p>A NaturalTech \u00e9 a maior feira de neg\u00f3cios em produtos naturais em toda a Am\u00e9rica Latina: com extensa \u00e1rea de exposi\u00e7\u00e3o com centenas de marcas, palco de lan\u00e7amentos, tend\u00eancias de consumo e o encontro anual de neg\u00f3cios do segmento.<\/p>\n\n\n\n<p>Junte-se a n\u00f3s, nos dias 12 a 15 de junho das 13h \u00e0s 20h, no Distrito Anhembi.<\/p>\n\n\n\n<p>Endere\u00e7o: Avenida Olavo Fontoura, N\u00b0 1. 209\/Santana, S\u00e3o Paulo, SP, 02012-021<\/p>\n","protected":false},"excerpt":{"rendered":"<p>A NaturalTech \u00e9 a maior feira de neg\u00f3cios em produtos naturais em toda a Am\u00e9rica Latina: com extensa \u00e1rea de exposi\u00e7\u00e3o com centenas de marcas, palco de lan\u00e7amentos, tend\u00eancias de consumo e o encontro anual de neg\u00f3cios do segmento. Junte-se a n\u00f3s, nos dias 12 a 15 de junho das 13h \u00e0s 20h, no Distrito [&hellip;]<\/p>\n","protected":false},"author":3,"featured_media":2196,"comment_status":"open","ping_status":"open","sticky":false,"template":"","format":"standard","meta":{"footnotes":""},"categories":[25],"tags":[],"class_list":{"0":"post-2195","1":"post","2":"type-post","3":"status-publish","4":"format-standard","5":"has-post-thumbnail","7":"category-calendariodeeventos"},"_links":{"self":[{"href":"https:\/\/tveventos.tv.br\/index.php?rest_route=\/wp\/v2\/posts\/2195","targetHints":{"allow":["GET"]}}],"collection":[{"href":"https:\/\/tveventos.tv.br\/index.php?rest_route=\/wp\/v2\/posts"}],"about":[{"href":"https:\/\/tveventos.tv.br\/index.php?rest_route=\/wp\/v2\/types\/post"}],"author":[{"embeddable":true,"href":"https:\/\/tveventos.tv.br\/index.php?rest_route=\/wp\/v2\/users\/3"}],"replies":[{"embeddable":true,"href":"https:\/\/tveventos.tv.br\/index.php?rest_route=%2Fwp%2Fv2%2Fcomments&post=2195"}],"version-history":[{"count":2,"href":"https:\/\/tveventos.tv.br\/index.php?rest_route=\/wp\/v2\/posts\/2195\/revisions"}],"predecessor-version":[{"id":2199,"href":"https:\/\/tveventos.tv.br\/index.php?rest_route=\/wp\/v2\/posts\/2195\/revisions\/2199"}],"wp:featuredmedia":[{"embeddable":true,"href":"https:\/\/tveventos.tv.br\/index.php?rest_route=\/wp\/v2\/media\/2196"}],"wp:attachment":[{"href":"https:\/\/tveventos.tv.br\/index.php?rest_route=%2Fwp%2Fv2%2Fmedia&parent=2195"}],"wp:term":[{"taxonomy":"category","embeddable":true,"href":"https:\/\/tveventos.tv.br\/index.php?rest_route=%2Fwp%2Fv2%2Fcategories&post=2195"},{"taxonomy":"post_tag","embeddable":true,"href":"https:\/\/tveventos.tv.br\/index.php?rest_route=%2Fwp%2Fv2%2Ftags&post=2195"}],"curies":[{"name":"wp","href":"https:\/\/api.w.org\/{rel}","templated":true}]}}