{"id":2201,"date":"2024-06-07T16:21:31","date_gmt":"2024-06-07T19:21:31","guid":{"rendered":"https:\/\/tveventos.tv.br\/?p=2201"},"modified":"2024-06-07T16:21:33","modified_gmt":"2024-06-07T19:21:33","slug":"glass-expo","status":"publish","type":"post","link":"https:\/\/tveventos.tv.br\/?p=2201","title":{"rendered":"GLASS EXPO"},"content":{"rendered":"\n<p>A Glass South America \u00e9 o evento mais importante do setor vidreiro da Am\u00e9rica Latina, que permite contato direto com profissionais do setor de vidros. \u00c9 o ambiente perfeito para fazer neg\u00f3cios e encontrar visitantes de todos os estados do pa\u00eds e at\u00e9 mesmo visitantes internacionais.&nbsp;<\/p>\n\n\n\n<p>Junte-se a n\u00f3s, nos dias 12 a 15 de junho das 12h \u00e0s 19h, no S\u00e3o Paulo Expo.<\/p>\n\n\n\n<p>Endere\u00e7o: Rod. dos Imigrantes 5, S\/N, km. 1, S\u00e3o Paulo, SP, 04329-900.<\/p>\n","protected":false},"excerpt":{"rendered":"<p>A Glass South America \u00e9 o evento mais importante do setor vidreiro da Am\u00e9rica Latina, que permite contato direto com profissionais do setor de vidros. \u00c9 o ambiente perfeito para fazer neg\u00f3cios e encontrar visitantes de todos os estados do pa\u00eds e at\u00e9 mesmo visitantes internacionais.&nbsp; Junte-se a n\u00f3s, nos dias 12 a 15 de [&hellip;]<\/p>\n","protected":false},"author":3,"featured_media":2202,"comment_status":"open","ping_status":"open","sticky":false,"template":"","format":"standard","meta":{"footnotes":""},"categories":[25],"tags":[],"class_list":{"0":"post-2201","1":"post","2":"type-post","3":"status-publish","4":"format-standard","5":"has-post-thumbnail","7":"category-calendariodeeventos"},"_links":{"self":[{"href":"https:\/\/tveventos.tv.br\/index.php?rest_route=\/wp\/v2\/posts\/2201","targetHints":{"allow":["GET"]}}],"collection":[{"href":"https:\/\/tveventos.tv.br\/index.php?rest_route=\/wp\/v2\/posts"}],"about":[{"href":"https:\/\/tveventos.tv.br\/index.php?rest_route=\/wp\/v2\/types\/post"}],"author":[{"embeddable":true,"href":"https:\/\/tveventos.tv.br\/index.php?rest_route=\/wp\/v2\/users\/3"}],"replies":[{"embeddable":true,"href":"https:\/\/tveventos.tv.br\/index.php?rest_route=%2Fwp%2Fv2%2Fcomments&post=2201"}],"version-history":[{"count":1,"href":"https:\/\/tveventos.tv.br\/index.php?rest_route=\/wp\/v2\/posts\/2201\/revisions"}],"predecessor-version":[{"id":2203,"href":"https:\/\/tveventos.tv.br\/index.php?rest_route=\/wp\/v2\/posts\/2201\/revisions\/2203"}],"wp:featuredmedia":[{"embeddable":true,"href":"https:\/\/tveventos.tv.br\/index.php?rest_route=\/wp\/v2\/media\/2202"}],"wp:attachment":[{"href":"https:\/\/tveventos.tv.br\/index.php?rest_route=%2Fwp%2Fv2%2Fmedia&parent=2201"}],"wp:term":[{"taxonomy":"category","embeddable":true,"href":"https:\/\/tveventos.tv.br\/index.php?rest_route=%2Fwp%2Fv2%2Fcategories&post=2201"},{"taxonomy":"post_tag","embeddable":true,"href":"https:\/\/tveventos.tv.br\/index.php?rest_route=%2Fwp%2Fv2%2Ftags&post=2201"}],"curies":[{"name":"wp","href":"https:\/\/api.w.org\/{rel}","templated":true}]}}