{"id":2207,"date":"2024-06-07T16:25:16","date_gmt":"2024-06-07T19:25:16","guid":{"rendered":"https:\/\/tveventos.tv.br\/?p=2207"},"modified":"2024-06-07T16:25:18","modified_gmt":"2024-06-07T19:25:18","slug":"fispal-food-service","status":"publish","type":"post","link":"https:\/\/tveventos.tv.br\/?p=2207","title":{"rendered":"Fispal Food Service"},"content":{"rendered":"\n<p>A Fispal Food Service \u00e9 a mais importante feira do setor de alimenta\u00e7\u00e3o fora do lar na Am\u00e9rica do Sul. Em 2024, o evento completa 40 anos de tradi\u00e7\u00e3o, com a presen\u00e7a dos principais fornecedores do mercado, uma programa\u00e7\u00e3o rica em conte\u00fado e projetos de sustentabilidade.<\/p>\n\n\n\n<p>Junte-se a n\u00f3s, nos dias 11 a 14 de junho, no Expo Center Norte.<\/p>\n\n\n\n<p>Hor\u00e1rios:<\/p>\n\n\n\n<p>Ter\u00e7a a quarta: 13h \u00e0s 20h;<\/p>\n\n\n\n<p>Sexta: 13h \u00e0s 18h.<\/p>\n\n\n\n<p>Endere\u00e7o: Rua Jos\u00e9 Bernardo Pinto 333, S\u00e3o Paulo, SP, 02055-000.<\/p>\n","protected":false},"excerpt":{"rendered":"<p>A Fispal Food Service \u00e9 a mais importante feira do setor de alimenta\u00e7\u00e3o fora do lar na Am\u00e9rica do Sul. Em 2024, o evento completa 40 anos de tradi\u00e7\u00e3o, com a presen\u00e7a dos principais fornecedores do mercado, uma programa\u00e7\u00e3o rica em conte\u00fado e projetos de sustentabilidade. Junte-se a n\u00f3s, nos dias 11 a 14 de [&hellip;]<\/p>\n","protected":false},"author":3,"featured_media":2208,"comment_status":"open","ping_status":"open","sticky":false,"template":"","format":"standard","meta":{"footnotes":""},"categories":[25],"tags":[],"class_list":{"0":"post-2207","1":"post","2":"type-post","3":"status-publish","4":"format-standard","5":"has-post-thumbnail","7":"category-calendariodeeventos"},"_links":{"self":[{"href":"https:\/\/tveventos.tv.br\/index.php?rest_route=\/wp\/v2\/posts\/2207","targetHints":{"allow":["GET"]}}],"collection":[{"href":"https:\/\/tveventos.tv.br\/index.php?rest_route=\/wp\/v2\/posts"}],"about":[{"href":"https:\/\/tveventos.tv.br\/index.php?rest_route=\/wp\/v2\/types\/post"}],"author":[{"embeddable":true,"href":"https:\/\/tveventos.tv.br\/index.php?rest_route=\/wp\/v2\/users\/3"}],"replies":[{"embeddable":true,"href":"https:\/\/tveventos.tv.br\/index.php?rest_route=%2Fwp%2Fv2%2Fcomments&post=2207"}],"version-history":[{"count":1,"href":"https:\/\/tveventos.tv.br\/index.php?rest_route=\/wp\/v2\/posts\/2207\/revisions"}],"predecessor-version":[{"id":2209,"href":"https:\/\/tveventos.tv.br\/index.php?rest_route=\/wp\/v2\/posts\/2207\/revisions\/2209"}],"wp:featuredmedia":[{"embeddable":true,"href":"https:\/\/tveventos.tv.br\/index.php?rest_route=\/wp\/v2\/media\/2208"}],"wp:attachment":[{"href":"https:\/\/tveventos.tv.br\/index.php?rest_route=%2Fwp%2Fv2%2Fmedia&parent=2207"}],"wp:term":[{"taxonomy":"category","embeddable":true,"href":"https:\/\/tveventos.tv.br\/index.php?rest_route=%2Fwp%2Fv2%2Fcategories&post=2207"},{"taxonomy":"post_tag","embeddable":true,"href":"https:\/\/tveventos.tv.br\/index.php?rest_route=%2Fwp%2Fv2%2Ftags&post=2207"}],"curies":[{"name":"wp","href":"https:\/\/api.w.org\/{rel}","templated":true}]}}