{"id":2213,"date":"2024-06-07T17:46:10","date_gmt":"2024-06-07T20:46:10","guid":{"rendered":"https:\/\/tveventos.tv.br\/?p=2213"},"modified":"2024-06-07T17:46:12","modified_gmt":"2024-06-07T20:46:12","slug":"junho-chega-repleto-de-eventos-de-tecnologia-e-inovacao-em-sp-confira-a-agenda-completa","status":"publish","type":"post","link":"https:\/\/tveventos.tv.br\/?p=2213","title":{"rendered":"Junho chega repleto de eventos de tecnologia e inova\u00e7\u00e3o em SP: Confira a agenda completa"},"content":{"rendered":"\n<p><em>5 oportunidades se destacam como op\u00e7\u00e3o para interessados em inova\u00e7\u00e3o para empresas e startups<\/em>.<\/p>\n\n\n\n<p>Segundo a Associa\u00e7\u00e3o Brasileira das Empresas de Software (Abes), o Brasil est\u00e1 no ranking dos 10 maiores mercados de tecnologia do mundo, j\u00e1 sendo l\u00edder do setor na Am\u00e9rica Latina. As startups e empresas de tecnologia t\u00eam encontrado condi\u00e7\u00f5es favor\u00e1veis para oferecer solu\u00e7\u00f5es inovadoras em setores variados, como financeiro, sa\u00fade, educa\u00e7\u00e3o, agr\u00edcola e de tecnologia em grandes cidades como S\u00e3o Paulo, Belo Horizonte, Florian\u00f3polis, entre outras.<\/p>\n\n\n\n<p>Mas como acompanhar esse cen\u00e1rio disruptivo? Para empreendedores, estudantes e entusiastas de tecnologia e inova\u00e7\u00e3o, separamos as principais oportunidades de eventos que acontecem em S\u00e3o Paulo no m\u00eas de junho. As op\u00e7\u00f5es trazem palestras, pain\u00e9is e workshops com os principais especialistas do mercado.&nbsp;<\/p>\n\n\n\n<p>Confira abaixo a agenda completa de eventos do pr\u00f3ximo m\u00eas:<\/p>\n\n\n\n<ul class=\"wp-block-list\">\n<li><strong>Workshop de Tecnologia de Informa\u00e7\u00e3o e Comunica\u00e7\u00e3o das Institui\u00e7\u00f5es Federais (IFES) de Ensino Superior do Brasil (WTICIFES)<\/strong> &#8211; De 4 a 6 de junho<\/li>\n<\/ul>\n\n\n\n<p>Local: Novotel Center Norte<\/p>\n\n\n\n<p>O WTICIFES \u00e9 um evento direcionado aos \u00f3rg\u00e3os de TIC das IFES. Sendo assim, \u00e9 uma oportunidade para atualiza\u00e7\u00e3o sobre tend\u00eancias e novas solu\u00e7\u00f5es dispon\u00edveis no mercado, como tamb\u00e9m de interc\u00e2mbio de informa\u00e7\u00f5es e troca de experi\u00eancias entre estudantes e empresas.<\/p>\n\n\n\n<ul class=\"wp-block-list\">\n<li><strong>IOT Solutions Congress Brasil<\/strong> &#8211; 6 e 7 de junho<\/li>\n<\/ul>\n\n\n\n<p>Local: Transam\u00e9rica Expo Center<\/p>\n\n\n\n<p>Este evento \u00e9 a edi\u00e7\u00e3o brasileira do IOT Solutions World Congress, um encontro internacional anual para l\u00edderes da ind\u00fastria, especialistas em tecnologia e profissionais C-level. O congresso deve focar em inova\u00e7\u00f5es no campo da Internet das Coisas (IoT), trazendo discuss\u00f5es sobre o potencial desta tecnologia em empresas de diversos segmentos.<\/p>\n\n\n\n<ul class=\"wp-block-list\">\n<li><strong>World Agri-Tech South America Summit<\/strong> &#8211; 18 e 19 de junho<\/li>\n<\/ul>\n\n\n\n<p>Local: Hotel Unique S\u00e3o Paulo<\/p>\n\n\n\n<p>Trazendo uma vis\u00e3o aprofundada de toda a cadeia de suprimentos para solu\u00e7\u00f5es \u201cdo campo ao prato\u201d, este evento explora como os investimentos, as parcerias e as novas tecnologias est\u00e3o aumentando a resili\u00eancia da produ\u00e7\u00e3o de alimentos na Am\u00e9rica do Sul. A programa\u00e7\u00e3o apresenta o vasto potencial desta regi\u00e3o para impulsionar uma transi\u00e7\u00e3o global para pr\u00e1ticas agr\u00edcolas sustent\u00e1veis e climaticamente inteligentes.<\/p>\n\n\n\n<ul class=\"wp-block-list\">\n<li><strong>Tech Trends SP<\/strong> &#8211; 25 e 26 de junho<\/li>\n<\/ul>\n\n\n\n<p>Local: Expo Center Norte<\/p>\n\n\n\n<p>Este evento vai proporcionar um ambiente de neg\u00f3cios integrado e conte\u00fados relevantes com grandes nomes do setor p\u00fablico e privado. O evento apresenta trilhas tem\u00e1ticas que s\u00e3o tend\u00eancia na atualidade, como intelig\u00eancia artificial, ciberseguran\u00e7a, data, cloud, gamifica\u00e7\u00e3o e govtech.<\/p>\n\n\n\n<p>Ocupando mais de 3 mil m\u00b2 para transbordar inova\u00e7\u00e3o, o Tech Trends SP conta com as \u00e1reas Startup Village, Meeting Hub e Eventos de networking e ser\u00e1 dividido em 3 palcos: Globaltech, Inovatech e Futuretech. Entre as atra\u00e7\u00f5es confirmadas, est\u00e3o Alessandra Karine &#8211; VP Public da Microsoft; Juliano Kimura &#8211; CEO e Founder da Confraria Web3 e Jo\u00e3o Paulo Arag\u00e3o &#8211; FSI Expert Latam Microsoft;<\/p>\n\n\n\n<ul class=\"wp-block-list\">\n<li><strong>Febraban Tech<\/strong> &#8211; De 25 a 27 de junho<\/li>\n<\/ul>\n\n\n\n<p>Local: Transamerica Expo Center<\/p>\n\n\n\n<p>Com o tema central &#8220;A jornada respons\u00e1vel na nova Economia da IA&#8221;, o evento traz para esta edi\u00e7\u00e3o a preocupa\u00e7\u00e3o dos bancos de como a economia e, principalmente, o setor financeiro, est\u00e3o se preparando para utilizar de forma respons\u00e1vel novos recursos e avan\u00e7os da intelig\u00eancia artificial. O evento re\u00fane as lideran\u00e7as dos setores financeiro, tecnologia, sustentabilidade, agro e de \u00e1reas interessadas em inova\u00e7\u00e3o para debates sobre temas atuais da economia digital.&nbsp;<\/p>\n","protected":false},"excerpt":{"rendered":"<p>5 oportunidades se destacam como op\u00e7\u00e3o para interessados em inova\u00e7\u00e3o para empresas e startups. Segundo a Associa\u00e7\u00e3o Brasileira das Empresas de Software (Abes), o Brasil est\u00e1 no ranking dos 10 maiores mercados de tecnologia do mundo, j\u00e1 sendo l\u00edder do setor na Am\u00e9rica Latina. As startups e empresas de tecnologia t\u00eam encontrado condi\u00e7\u00f5es favor\u00e1veis para [&hellip;]<\/p>\n","protected":false},"author":3,"featured_media":2214,"comment_status":"open","ping_status":"open","sticky":false,"template":"","format":"standard","meta":{"footnotes":""},"categories":[23],"tags":[],"class_list":{"0":"post-2213","1":"post","2":"type-post","3":"status-publish","4":"format-standard","5":"has-post-thumbnail","7":"category-feirasdenegocios"},"_links":{"self":[{"href":"https:\/\/tveventos.tv.br\/index.php?rest_route=\/wp\/v2\/posts\/2213","targetHints":{"allow":["GET"]}}],"collection":[{"href":"https:\/\/tveventos.tv.br\/index.php?rest_route=\/wp\/v2\/posts"}],"about":[{"href":"https:\/\/tveventos.tv.br\/index.php?rest_route=\/wp\/v2\/types\/post"}],"author":[{"embeddable":true,"href":"https:\/\/tveventos.tv.br\/index.php?rest_route=\/wp\/v2\/users\/3"}],"replies":[{"embeddable":true,"href":"https:\/\/tveventos.tv.br\/index.php?rest_route=%2Fwp%2Fv2%2Fcomments&post=2213"}],"version-history":[{"count":1,"href":"https:\/\/tveventos.tv.br\/index.php?rest_route=\/wp\/v2\/posts\/2213\/revisions"}],"predecessor-version":[{"id":2215,"href":"https:\/\/tveventos.tv.br\/index.php?rest_route=\/wp\/v2\/posts\/2213\/revisions\/2215"}],"wp:featuredmedia":[{"embeddable":true,"href":"https:\/\/tveventos.tv.br\/index.php?rest_route=\/wp\/v2\/media\/2214"}],"wp:attachment":[{"href":"https:\/\/tveventos.tv.br\/index.php?rest_route=%2Fwp%2Fv2%2Fmedia&parent=2213"}],"wp:term":[{"taxonomy":"category","embeddable":true,"href":"https:\/\/tveventos.tv.br\/index.php?rest_route=%2Fwp%2Fv2%2Fcategories&post=2213"},{"taxonomy":"post_tag","embeddable":true,"href":"https:\/\/tveventos.tv.br\/index.php?rest_route=%2Fwp%2Fv2%2Ftags&post=2213"}],"curies":[{"name":"wp","href":"https:\/\/api.w.org\/{rel}","templated":true}]}}